{"id":4241,"date":"2021-09-22T14:34:07","date_gmt":"2021-09-22T12:34:07","guid":{"rendered":"http:\/\/sppolna.gminagrybow.pl\/?p=4241"},"modified":"2021-09-22T14:38:23","modified_gmt":"2021-09-22T12:38:23","slug":"szlak-karola-wojtyly-w-wadowicach-park-miniatur-swiat-marzen-warownia-inwald","status":"publish","type":"post","link":"https:\/\/sppolna.gminagrybow.pl\/?p=4241","title":{"rendered":"Szlak Karola Wojty\u0142y w Wadowicach \/Park Miniatur \u201e\u015awiat Marze\u0144\u201d\/Warownia Inwa\u0142d"},"content":{"rendered":"<p>Ruszy\u0142 rok szkolny a z nim d\u0142ugo wyczekiwane wycieczki! Klasy I -III 16 wrze\u015bnia 2021 r. wybra\u0142y si\u0119 na ca\u0142odzienn\u0105 wycieczk\u0119 do Wadowic, Parku Miniatur i Warowni Inwa\u0142d. Swoj\u0105 podr\u00f3\u017c rozpocz\u0119li od zwiedzania Wadowic szlakiem Karola Wojty\u0142y. W Wadowicach Karol Wojty\u0142a sp\u0119dzi\u0142 18 lat swojego \u017cycia. Uczniowie udali si\u0119 pod dom rodzinny Ojca \u015awi\u0119tego Jana Paw\u0142a II, odwiedzili Bazylik\u0119 Ofiarowania Naj\u015bwi\u0119tszej Marii Panny, w kt\u00f3rej Jan Pawe\u0142 II przyj\u0105\u0142 chrzest, zwiedzili rynek wadowicki, szko\u0142\u0119 podstawow\u0105, gimnazjum do kt\u00f3rej ucz\u0119szcza\u0142 Karol Wojty\u0142a oraz cukierni\u0119, o kt\u00f3rej z u\u015bmiechem wspomina\u0142 Jan Pawe\u0142 II w czasie pielgrzymki w&nbsp; 1999r. <em>&#8222;Po maturze chodzili\u015bmy na krem\u00f3wki&#8221;, dodaj\u0105c po chwili: &#8222;\u017ce\u015bmy to wytrzymali, te krem\u00f3wki po maturze&#8230;&#8221;.<\/em> Z Wadowic pojechali\u015bmy do parku rozrywki w Inwa\u0142dzie. Podziwiali\u015bmy Park Miniatur \u201e\u015awiat Marze\u0144, kt\u00f3ry przeni\u00f3s\u0142 uczni\u00f3w w niezwyk\u0142e miejsca podr\u00f3\u017cuj\u0105c po \u015bwiecie przez Australi\u0119, Grecj\u0119, W\u0142ochy, Chiny, Francj\u0119, Meksyk i Polsk\u0119&nbsp; podziwiaj\u0105c miniaturowe budowle&nbsp; charakterystyczne dla ka\u017cdego z tych pa\u0144stw. Nast\u0119pnie udali\u015bmy si\u0119 do \u015bredniowiecznej Warowni, w kt\u00f3rej przywita\u0142 nas gro\u017any smok, kt\u00f3ry zamieni\u0142 si\u0119 w \u0142agodnego jarosza opowiadaj\u0105cego dzieciom bajki. Kolejn\u0105 atrakcj\u0105 by\u0142y warsztaty strzelania z \u0142uku, p\u0142ywaj\u0105ce smocze tratwy i czas, w kt\u00f3rym mogli\u015bmy do woli korzysta\u0107 ze wszystkich atrakcji kompleksu. Chocia\u017c wr\u00f3cili\u015bmy zm\u0119czeni, nikt nie \u017ca\u0142owa\u0142 wyjazdu, kt\u00f3ry pozwoli\u0142 nam odpocz\u0105\u0107 i oderwa\u0107 si\u0119 od codziennej nauki. Mamy nadziej\u0119, ze ten rok szkolny, w przeciwie\u0144stwie do ubieg\u0142ego, zaobfituje w liczne wycieczki.<\/p>\n[ngg src=&#8221;galleries&#8221; ids=&#8221;302&#8243; display=&#8221;basic_thumbnail&#8221; thumbnail_crop=&#8221;0&#8243;]&nbsp; &nbsp; &nbsp; &nbsp; &nbsp;<\/p>\n","protected":false},"excerpt":{"rendered":"<p>Ruszy\u0142 rok szkolny a z nim d\u0142ugo wyczekiwane wycieczki! Klasy I -III 16 wrze\u015bnia 2021 r. wybra\u0142y si\u0119 na ca\u0142odzienn\u0105<\/p>\n","protected":false},"author":1,"featured_media":4244,"comment_status":"closed","ping_status":"closed","sticky":false,"template":"","format":"standard","meta":{"footnotes":""},"categories":[7],"tags":[],"_links":{"self":[{"href":"https:\/\/sppolna.gminagrybow.pl\/index.php?rest_route=\/wp\/v2\/posts\/4241"}],"collection":[{"href":"https:\/\/sppolna.gminagrybow.pl\/index.php?rest_route=\/wp\/v2\/posts"}],"about":[{"href":"https:\/\/sppolna.gminagrybow.pl\/index.php?rest_route=\/wp\/v2\/types\/post"}],"author":[{"embeddable":true,"href":"https:\/\/sppolna.gminagrybow.pl\/index.php?rest_route=\/wp\/v2\/users\/1"}],"replies":[{"embeddable":true,"href":"https:\/\/sppolna.gminagrybow.pl\/index.php?rest_route=%2Fwp%2Fv2%2Fcomments&post=4241"}],"version-history":[{"count":1,"href":"https:\/\/sppolna.gminagrybow.pl\/index.php?rest_route=\/wp\/v2\/posts\/4241\/revisions"}],"predecessor-version":[{"id":4242,"href":"https:\/\/sppolna.gminagrybow.pl\/index.php?rest_route=\/wp\/v2\/posts\/4241\/revisions\/4242"}],"wp:featuredmedia":[{"embeddable":true,"href":"https:\/\/sppolna.gminagrybow.pl\/index.php?rest_route=\/wp\/v2\/media\/4244"}],"wp:attachment":[{"href":"https:\/\/sppolna.gminagrybow.pl\/index.php?rest_route=%2Fwp%2Fv2%2Fmedia&parent=4241"}],"wp:term":[{"taxonomy":"category","embeddable":true,"href":"https:\/\/sppolna.gminagrybow.pl\/index.php?rest_route=%2Fwp%2Fv2%2Fcategories&post=4241"},{"taxonomy":"post_tag","embeddable":true,"href":"https:\/\/sppolna.gminagrybow.pl\/index.php?rest_route=%2Fwp%2Fv2%2Ftags&post=4241"}],"curies":[{"name":"wp","href":"https:\/\/api.w.org\/{rel}","templated":true}]}}