{"id":5156,"date":"2022-06-24T12:13:36","date_gmt":"2022-06-24T10:13:36","guid":{"rendered":"http:\/\/sppolna.gminagrybow.pl\/?p=5156"},"modified":"2022-06-26T22:51:11","modified_gmt":"2022-06-26T20:51:11","slug":"dzien-olimpijski-olympic-day","status":"publish","type":"post","link":"https:\/\/sppolna.gminagrybow.pl\/?p=5156","title":{"rendered":"Dzie\u0144 Olimpijski. Olympic Day"},"content":{"rendered":"<p>W gminie Gryb\u00f3w zap\u0142on\u0105\u0142 znicz olimpijski!<\/p>\n<p>23 czerwca w Ptaszkowej odby\u0142 si\u0119 Dzie\u0144 Olimpijski. \u015awi\u0119to zosta\u0142o ustanowione w rocznic\u0119 powo\u0142ania Mi\u0119dzynarodowego Komitetu Olimpijskiego i pierwszych nowo\u017cytnych Igrzysk Olimpijskich. W ka\u017cdym kraju, w tym samym dniu w\u0142a\u015bnie 23 czerwca odbywa si\u0119 jedna uroczysto\u015b\u0107. W tym roku na gospodarza olimpiady zosta\u0142a wybrana Ptaszkowa.<\/p>\n<p>W imprezie wzi\u0119\u0142y udzia\u0142 dzieci z przedszkoli i szk\u00f3\u0142 podstawowych gminy Gryb\u00f3w. Nie zabrak\u0142o tam uczni\u00f3w ze Szko\u0142y Podstawowej w Polnej. Na miejscu mo\u017cna by\u0142o spotka\u0107 r\u00f3wnie\u017c polskich olimpijczyk\u00f3w. Uroczyste otwarcie Olimpiady zosta\u0142o przeprowadzone z udzia\u0142em uczni\u00f3w co jeszcze bardziej podkre\u015bli\u0142o ten sportowy i wyj\u0105tkowy dzie\u0144.<\/p>\n<p>Chocia\u017c w zawodach by\u0142a du\u017ca konkurencja to jeste\u015bmy dumni, \u017ce w\u015br\u00f3d naszych uczni\u00f3w znale\u017ali si\u0119 Dzieci\u0119cy Olimpijczycy:<\/p>\n<ul>\n<li>Piotr Janu\u015b kl.4 \u2013 II miejsce<\/li>\n<li>Mateusz P\u0119cak kl.4 \u2013 IV miejsce<\/li>\n<li>Nikola \u017babi\u0144ska kl.2 \u2013 V miejsce<\/li>\n<\/ul>\n<p>Gratulujemy!<\/p>\n<div class=\"tx-youtube-outerwarp\" style=\"width: 700px\"><div class=\"tx-youtube-warp\" style=\"\"><iframe src=\"https:\/\/www.youtube.com\/embed\/OdXJ1p1Nhzs?controls=1&amp;showinfo=0&amp;rel=0&amp;autoplay=0\" frameborder=\"0\" allow=\"autoplay\" allowfullscreen><\/iframe><\/div><\/div>\n","protected":false},"excerpt":{"rendered":"<p>W gminie Gryb\u00f3w zap\u0142on\u0105\u0142 znicz olimpijski! 23 czerwca w Ptaszkowej odby\u0142 si\u0119 Dzie\u0144 Olimpijski. \u015awi\u0119to zosta\u0142o ustanowione w rocznic\u0119 powo\u0142ania<\/p>\n","protected":false},"author":1,"featured_media":5157,"comment_status":"closed","ping_status":"closed","sticky":false,"template":"","format":"standard","meta":{"footnotes":""},"categories":[7],"tags":[],"_links":{"self":[{"href":"https:\/\/sppolna.gminagrybow.pl\/index.php?rest_route=\/wp\/v2\/posts\/5156"}],"collection":[{"href":"https:\/\/sppolna.gminagrybow.pl\/index.php?rest_route=\/wp\/v2\/posts"}],"about":[{"href":"https:\/\/sppolna.gminagrybow.pl\/index.php?rest_route=\/wp\/v2\/types\/post"}],"author":[{"embeddable":true,"href":"https:\/\/sppolna.gminagrybow.pl\/index.php?rest_route=\/wp\/v2\/users\/1"}],"replies":[{"embeddable":true,"href":"https:\/\/sppolna.gminagrybow.pl\/index.php?rest_route=%2Fwp%2Fv2%2Fcomments&post=5156"}],"version-history":[{"count":1,"href":"https:\/\/sppolna.gminagrybow.pl\/index.php?rest_route=\/wp\/v2\/posts\/5156\/revisions"}],"predecessor-version":[{"id":5158,"href":"https:\/\/sppolna.gminagrybow.pl\/index.php?rest_route=\/wp\/v2\/posts\/5156\/revisions\/5158"}],"wp:featuredmedia":[{"embeddable":true,"href":"https:\/\/sppolna.gminagrybow.pl\/index.php?rest_route=\/wp\/v2\/media\/5157"}],"wp:attachment":[{"href":"https:\/\/sppolna.gminagrybow.pl\/index.php?rest_route=%2Fwp%2Fv2%2Fmedia&parent=5156"}],"wp:term":[{"taxonomy":"category","embeddable":true,"href":"https:\/\/sppolna.gminagrybow.pl\/index.php?rest_route=%2Fwp%2Fv2%2Fcategories&post=5156"},{"taxonomy":"post_tag","embeddable":true,"href":"https:\/\/sppolna.gminagrybow.pl\/index.php?rest_route=%2Fwp%2Fv2%2Ftags&post=5156"}],"curies":[{"name":"wp","href":"https:\/\/api.w.org\/{rel}","templated":true}]}}