{"id":5221,"date":"2022-09-12T10:23:03","date_gmt":"2022-09-12T08:23:03","guid":{"rendered":"http:\/\/sppolna.gminagrybow.pl\/?p=5221"},"modified":"2022-09-12T18:24:58","modified_gmt":"2022-09-12T16:24:58","slug":"narodowe-czytanie-w-naszej-szkole","status":"publish","type":"post","link":"https:\/\/sppolna.gminagrybow.pl\/?p=5221","title":{"rendered":"Narodowe Czytanie w naszej szkole!"},"content":{"rendered":"<p>Uczniowie naszej szko\u0142y zgromadzili si\u0119 dzi\u015b na sali gimnastycznej w ramach akcji <strong>NARODOWE CZYTANIE<\/strong>.<\/p>\n<p><img loading=\"lazy\" decoding=\"async\" class=\"wp-image-5223 aligncenter\" src=\"http:\/\/sppolna.gminagrybow.pl\/wp-content\/uploads\/2022\/09\/narodowe-czytanie-2022-na-mazowszu.png\" alt=\"\" width=\"536\" height=\"357\" srcset=\"https:\/\/sppolna.gminagrybow.pl\/wp-content\/uploads\/2022\/09\/narodowe-czytanie-2022-na-mazowszu.png 800w, https:\/\/sppolna.gminagrybow.pl\/wp-content\/uploads\/2022\/09\/narodowe-czytanie-2022-na-mazowszu-300x200.png 300w, https:\/\/sppolna.gminagrybow.pl\/wp-content\/uploads\/2022\/09\/narodowe-czytanie-2022-na-mazowszu-768x512.png 768w, https:\/\/sppolna.gminagrybow.pl\/wp-content\/uploads\/2022\/09\/narodowe-czytanie-2022-na-mazowszu-120x80.png 120w\" sizes=\"(max-width: 536px) 100vw, 536px\" \/><\/p>\n<p>To coroczna akcja wsp\u00f3lnego czytania wybranej lektury, do kt\u00f3rej przy\u0142\u0105czy\u0107 si\u0119 mog\u0105 wszystkie ch\u0119tne osoby prywatne oraz instytucje publiczne w kraju i za granic\u0105. Akcja organizowana jest przez Prezydenta RP od 2012 r. i zosta\u0142a zainicjowana wsp\u00f3ln\u0105 lektur\u0105 \u201ePan Tadeusz\u201d Adama Mickiewicza. Podczas nast\u0119pnych edycji przeczytano m.in.: \u201eTrylogi\u0119\u201d oraz \u201eQuo vadis\u201d Henryka Sienkiewicza, \u201eLalk\u0119\u201d Boles\u0142awa Prusa, \u201ePrzedwio\u015bnia\u201d Stefana \u017beromskiego, \u201eNowele polskie\u201d,&nbsp; \u201eBalladyna\u201d Juliusza S\u0142owackiego.<\/p>\n<p>Podczas tegorocznej edycji \u2013 w 2022 r. para prezydencka zaprasza do wsp\u00f3lnego czytania <strong>Ballad i romans\u00f3w Adama Mickiewicza<\/strong> \u2013 w dwusetn\u0105 rocznic\u0119 pierwszej ich publikacji.<\/p>\n<p>A Jak pisze Pan Prezydent:<\/p>\n<p><em>\u201eZw\u0142aszcza dzi\u015b, w obliczu rosyjskiej agresji na Ukrain\u0119, wolno\u015bciowe idee romantyzmu zn\u00f3w s\u0105 niezwykle aktualne. I to zar\u00f3wno te, kt\u00f3re zagrzewaj\u0105 do boju o suwerenno\u015b\u0107, wzmacniaj\u0105 odwag\u0119 i m\u0119stwo, jak i te, kt\u00f3re przedk\u0142adaj\u0105 czucie i wiar\u0119 nad oboj\u0119tno\u015b\u0107 i kt\u00f3re kszta\u0142tuj\u0105 postaw\u0119 solidarno\u015bci z uciskanymi. Za nasz\u0105 wschodni\u0105 granic\u0105 dzieje si\u0119 to, czego sami niejeden raz do\u015bwiadczali\u015bmy w historii.<\/em><\/p>\n<p><em>A kiedy Polski nie by\u0142o na mapie Europy, to w\u0142a\u015bnie romantyzm uformowa\u0142 nasz patriotyzm, ocali\u0142 narodow\u0105 to\u017csamo\u015b\u0107 i duchowo\u015b\u0107, a tak\u017ce odkry\u0142 pi\u0119kno naszej kultury ludowej.\u201d<\/em><\/p>\n[ngg src=&#8221;galleries&#8221; ids=&#8221;332&#8243; display=&#8221;basic_slideshow&#8221;]Podczas pr\u00f3b oraz samego wyst\u0119pu uczniowie korzystali ze sprz\u0119tu zakupionego w ramach programu<strong> \u201eLaboratoria Przysz\u0142o\u015bci\u201d.<\/strong> Uczniowie przygotowali sprz\u0119t<img loading=\"lazy\" decoding=\"async\" class=\"size-full wp-image-4668 alignright\" src=\"http:\/\/sppolna.gminagrybow.pl\/wp-content\/uploads\/2022\/01\/lab-1.png\" alt=\"\" width=\"150\" height=\"161\"><\/p>\n<p>nag\u0142a\u015bniaj\u0105cy i operowali nim, korzystali z mikrofon\u00f3w, relacjonowali akademi\u0119 za pomoc\u0105 aparatu cyfrowego.&nbsp;<\/p>\n<p>&nbsp;<\/p>\n[ngg src=&#8221;galleries&#8221; ids=&#8221;334&#8243; display=&#8221;basic_slideshow&#8221;]\n","protected":false},"excerpt":{"rendered":"<p>Uczniowie naszej szko\u0142y zgromadzili si\u0119 dzi\u015b na sali gimnastycznej w ramach akcji NARODOWE CZYTANIE. To coroczna akcja wsp\u00f3lnego czytania wybranej<\/p>\n","protected":false},"author":1,"featured_media":5222,"comment_status":"closed","ping_status":"closed","sticky":false,"template":"","format":"standard","meta":{"footnotes":""},"categories":[7,3],"tags":[],"_links":{"self":[{"href":"https:\/\/sppolna.gminagrybow.pl\/index.php?rest_route=\/wp\/v2\/posts\/5221"}],"collection":[{"href":"https:\/\/sppolna.gminagrybow.pl\/index.php?rest_route=\/wp\/v2\/posts"}],"about":[{"href":"https:\/\/sppolna.gminagrybow.pl\/index.php?rest_route=\/wp\/v2\/types\/post"}],"author":[{"embeddable":true,"href":"https:\/\/sppolna.gminagrybow.pl\/index.php?rest_route=\/wp\/v2\/users\/1"}],"replies":[{"embeddable":true,"href":"https:\/\/sppolna.gminagrybow.pl\/index.php?rest_route=%2Fwp%2Fv2%2Fcomments&post=5221"}],"version-history":[{"count":5,"href":"https:\/\/sppolna.gminagrybow.pl\/index.php?rest_route=\/wp\/v2\/posts\/5221\/revisions"}],"predecessor-version":[{"id":5275,"href":"https:\/\/sppolna.gminagrybow.pl\/index.php?rest_route=\/wp\/v2\/posts\/5221\/revisions\/5275"}],"wp:featuredmedia":[{"embeddable":true,"href":"https:\/\/sppolna.gminagrybow.pl\/index.php?rest_route=\/wp\/v2\/media\/5222"}],"wp:attachment":[{"href":"https:\/\/sppolna.gminagrybow.pl\/index.php?rest_route=%2Fwp%2Fv2%2Fmedia&parent=5221"}],"wp:term":[{"taxonomy":"category","embeddable":true,"href":"https:\/\/sppolna.gminagrybow.pl\/index.php?rest_route=%2Fwp%2Fv2%2Fcategories&post=5221"},{"taxonomy":"post_tag","embeddable":true,"href":"https:\/\/sppolna.gminagrybow.pl\/index.php?rest_route=%2Fwp%2Fv2%2Ftags&post=5221"}],"curies":[{"name":"wp","href":"https:\/\/api.w.org\/{rel}","templated":true}]}}