{"id":5294,"date":"2022-09-15T17:21:40","date_gmt":"2022-09-15T15:21:40","guid":{"rendered":"http:\/\/sppolna.gminagrybow.pl\/?p=5294"},"modified":"2022-09-15T18:34:02","modified_gmt":"2022-09-15T16:34:02","slug":"miedzynarodowy-dzien-kropki","status":"publish","type":"post","link":"https:\/\/sppolna.gminagrybow.pl\/?p=5294","title":{"rendered":"Mi\u0119dzynarodowy Dzie\u0144 Kropki"},"content":{"rendered":"<p>Uczniowie edukacji wczesnoszkolnej aktywnie w\u0142\u0105czyli si\u0119 w obchody Mi\u0119dzynarodowego Dnia Kropki. <strong>Jest to \u015bwi\u0119to kreatywno\u015bci, odwagi, talentu, wiary i zabawy<\/strong>. Motywem przewodnim jest kropka. Obchody tego dnia zacz\u0119\u0142y si\u0119 od obejrzenia historii ma\u0142ej Vashti, kt\u00f3ra nie wierzy w swoje mo\u017cliwo\u015bci. Uczniowie w tym dniu nie tylko przyszli do szko\u0142y w ubraniach w grochy, ale r\u00f3wnie\u017c twarze mieli pomalowane kropkami. Podczas zaj\u0119\u0107 z wychowania fizycznego uczniowie klasy I i III \u0107wiczyli z nietypowym przyborem \u201ekropk\u0105\u201d oraz na\u015bladowali gimnastyk\u0119 kropki. W klasach ponadto odby\u0142 si\u0119 pokaz mody kropkowej, uczniowie wykonywali prace plastyczne z motywem kropki, zadania matematyczne z zaszyfrowanymi kropkami i tworzyli w\u0142asne obrazy w kropkach lub z\u0142otych ramkach. Ka\u017cdy m\u00f3g\u0142 poczu\u0107 si\u0119 artyst\u0105. Z ka\u017cdego miejsca widoczne by\u0142y weso\u0142e, kolorowe kropki.<\/p>\n<p>Wszyscy wykazali si\u0119 kreatywno\u015bci\u0105 i pomys\u0142owo\u015bci\u0105. Historia o Vashti u\u015bwiadomi\u0142a nam, \u017ce ka\u017cdy z nas ma jakie\u015b ukryte talenty, kt\u00f3re gdzie\u015b tam drzemi\u0105 g\u0142\u0119boko i czekaj\u0105 na nasze odkrycie. Zapraszamy do obejrzenia filmiku z dzisiejszego \u015bwi\u0119ta.<\/p>\n<div class=\"tx-youtube-outerwarp\" style=\"width: 700px\"><div class=\"tx-youtube-warp\" style=\"\"><iframe src=\"https:\/\/www.youtube.com\/embed\/oXOKkToVkJE?controls=1&amp;showinfo=0&amp;rel=0&amp;autoplay=0\" frameborder=\"0\" allow=\"autoplay\" allowfullscreen><\/iframe><\/div><\/div>\n<p>&nbsp;<\/p>\n<p><img loading=\"lazy\" decoding=\"async\" class=\"size-full wp-image-4668 alignleft\" src=\"http:\/\/sppolna.gminagrybow.pl\/wp-content\/uploads\/2022\/01\/lab-1.png\" alt=\"\" width=\"150\" height=\"161\">Relacja powsta\u0142a dzi\u0119ki zaanga\u017cowani uczni\u00f3w, kt\u00f3rzy korzystali ze sprz\u0119tu zakupionego w ramach programu<strong>&nbsp;\u201eLaboratoria Przysz\u0142o\u015bci\u201d.<\/strong>&nbsp;Uczniowie&nbsp;\u0107wiczyli swoje umiej\u0119tno\u015bci dzi\u0119ki relacjonowaniu wydarze\u0144 za pomoc\u0105 aparatu fotograficznego.<\/p>\n<p>&nbsp;<\/p>\n[ngg src=&#8221;galleries&#8221; ids=&#8221;335&#8243; display=&#8221;basic_slideshow&#8221;]\n","protected":false},"excerpt":{"rendered":"<p>Uczniowie edukacji wczesnoszkolnej aktywnie w\u0142\u0105czyli si\u0119 w obchody Mi\u0119dzynarodowego Dnia Kropki. Jest to \u015bwi\u0119to kreatywno\u015bci, odwagi, talentu, wiary i zabawy.<\/p>\n","protected":false},"author":1,"featured_media":2651,"comment_status":"closed","ping_status":"closed","sticky":false,"template":"","format":"standard","meta":{"footnotes":""},"categories":[7,3],"tags":[],"_links":{"self":[{"href":"https:\/\/sppolna.gminagrybow.pl\/index.php?rest_route=\/wp\/v2\/posts\/5294"}],"collection":[{"href":"https:\/\/sppolna.gminagrybow.pl\/index.php?rest_route=\/wp\/v2\/posts"}],"about":[{"href":"https:\/\/sppolna.gminagrybow.pl\/index.php?rest_route=\/wp\/v2\/types\/post"}],"author":[{"embeddable":true,"href":"https:\/\/sppolna.gminagrybow.pl\/index.php?rest_route=\/wp\/v2\/users\/1"}],"replies":[{"embeddable":true,"href":"https:\/\/sppolna.gminagrybow.pl\/index.php?rest_route=%2Fwp%2Fv2%2Fcomments&post=5294"}],"version-history":[{"count":7,"href":"https:\/\/sppolna.gminagrybow.pl\/index.php?rest_route=\/wp\/v2\/posts\/5294\/revisions"}],"predecessor-version":[{"id":5316,"href":"https:\/\/sppolna.gminagrybow.pl\/index.php?rest_route=\/wp\/v2\/posts\/5294\/revisions\/5316"}],"wp:featuredmedia":[{"embeddable":true,"href":"https:\/\/sppolna.gminagrybow.pl\/index.php?rest_route=\/wp\/v2\/media\/2651"}],"wp:attachment":[{"href":"https:\/\/sppolna.gminagrybow.pl\/index.php?rest_route=%2Fwp%2Fv2%2Fmedia&parent=5294"}],"wp:term":[{"taxonomy":"category","embeddable":true,"href":"https:\/\/sppolna.gminagrybow.pl\/index.php?rest_route=%2Fwp%2Fv2%2Fcategories&post=5294"},{"taxonomy":"post_tag","embeddable":true,"href":"https:\/\/sppolna.gminagrybow.pl\/index.php?rest_route=%2Fwp%2Fv2%2Ftags&post=5294"}],"curies":[{"name":"wp","href":"https:\/\/api.w.org\/{rel}","templated":true}]}}