{"id":5772,"date":"2023-02-17T09:50:39","date_gmt":"2023-02-17T08:50:39","guid":{"rendered":"http:\/\/sppolna.gminagrybow.pl\/?p=5772"},"modified":"2023-02-18T15:35:23","modified_gmt":"2023-02-18T14:35:23","slug":"ogloszenie-rekolekcje-dl-uczniow-kl-i-viii","status":"publish","type":"post","link":"https:\/\/sppolna.gminagrybow.pl\/?p=5772","title":{"rendered":"Og\u0142oszenie &#8211; rekolekcje dla uczni\u00f3w kl. I &#8211; VIII"},"content":{"rendered":"<p>W dniu<strong> 22 lutego (\u015broda popielcowa)<\/strong> rozpoczynaj\u0105 si\u0119 dla uczni\u00f3w kl. I \u2013 VIII rekolekcje wielkopostne wg harmonogramu:<\/p>\n<p><strong>22.02.2023 zaj\u0119cia w szkole ko\u0144cz\u0105 si\u0119 o godz. 11. 00.<\/strong> Do tej godziny zostanie wydany obiad dla kl. I \u2013 VIII. Wszyscy uczniowie przejd\u0105 na &nbsp;msz\u0119 \u015bwi\u0119t\u0105 o godz. 11.30 w ko\u015bciele parafialnym. Po mszy uczniowie id\u0105 do domu. Dla dzieci kt\u00f3re nie p\u00f3jd\u0105 do ko\u015bcio\u0142a zostanie w szkole zorganizowana \u015bwietlica zgodnie z obowi\u0105zuj\u0105cym planem.<\/p>\n<p><strong>23 &#8211; 24.02.2023 na rekolekcje przejd\u0105 do ko\u015bcio\u0142a klasy wraz z nauczycielami:<\/strong><\/p>\n<ul>\n<li><strong>9.30 \u2013 klasy I \u2013 IV<\/strong><\/li>\n<li><strong style=\"font-size: 1.0625rem;\">11.00 \u2013 klasy V \u2013 VIII<\/strong><span style=\"font-size: 1.0625rem;\"> (dla tych klas obiad zostanie wydany o godz. 10.30)<\/span><\/li>\n<\/ul>\n<p>W tych dniach po naukach uczniowie pod opiek\u0105 nauczycieli wracaj\u0105 do szko\u0142y na pozosta\u0142e zaj\u0119cia zgodnie z planem lekcji.<\/p>\n","protected":false},"excerpt":{"rendered":"<p>W dniu 22 lutego (\u015broda popielcowa) rozpoczynaj\u0105 si\u0119 dla uczni\u00f3w kl. I \u2013 VIII rekolekcje wielkopostne wg harmonogramu: 22.02.2023 zaj\u0119cia<\/p>\n","protected":false},"author":1,"featured_media":2145,"comment_status":"closed","ping_status":"closed","sticky":false,"template":"","format":"standard","meta":{"footnotes":""},"categories":[7],"tags":[],"_links":{"self":[{"href":"https:\/\/sppolna.gminagrybow.pl\/index.php?rest_route=\/wp\/v2\/posts\/5772"}],"collection":[{"href":"https:\/\/sppolna.gminagrybow.pl\/index.php?rest_route=\/wp\/v2\/posts"}],"about":[{"href":"https:\/\/sppolna.gminagrybow.pl\/index.php?rest_route=\/wp\/v2\/types\/post"}],"author":[{"embeddable":true,"href":"https:\/\/sppolna.gminagrybow.pl\/index.php?rest_route=\/wp\/v2\/users\/1"}],"replies":[{"embeddable":true,"href":"https:\/\/sppolna.gminagrybow.pl\/index.php?rest_route=%2Fwp%2Fv2%2Fcomments&post=5772"}],"version-history":[{"count":6,"href":"https:\/\/sppolna.gminagrybow.pl\/index.php?rest_route=\/wp\/v2\/posts\/5772\/revisions"}],"predecessor-version":[{"id":5785,"href":"https:\/\/sppolna.gminagrybow.pl\/index.php?rest_route=\/wp\/v2\/posts\/5772\/revisions\/5785"}],"wp:featuredmedia":[{"embeddable":true,"href":"https:\/\/sppolna.gminagrybow.pl\/index.php?rest_route=\/wp\/v2\/media\/2145"}],"wp:attachment":[{"href":"https:\/\/sppolna.gminagrybow.pl\/index.php?rest_route=%2Fwp%2Fv2%2Fmedia&parent=5772"}],"wp:term":[{"taxonomy":"category","embeddable":true,"href":"https:\/\/sppolna.gminagrybow.pl\/index.php?rest_route=%2Fwp%2Fv2%2Fcategories&post=5772"},{"taxonomy":"post_tag","embeddable":true,"href":"https:\/\/sppolna.gminagrybow.pl\/index.php?rest_route=%2Fwp%2Fv2%2Ftags&post=5772"}],"curies":[{"name":"wp","href":"https:\/\/api.w.org\/{rel}","templated":true}]}}