{"id":6074,"date":"2023-05-22T17:45:26","date_gmt":"2023-05-22T15:45:26","guid":{"rendered":"http:\/\/sppolna.gminagrybow.pl\/?p=6074"},"modified":"2023-06-19T13:55:34","modified_gmt":"2023-06-19T11:55:34","slug":"ogolnopolski-program-profilaktyki-czerniaka-znamie-znam-je-2","status":"publish","type":"post","link":"https:\/\/sppolna.gminagrybow.pl\/?p=6074","title":{"rendered":"Og\u00f3lnopolski Program Profilaktyki Czerniaka \u201eZnami\u0119! Znam je?\u201d"},"content":{"rendered":"<p>W roku szkolnym 2022\/2023 w naszej szkole zosta\u0142 zrealizowany Og\u00f3lnopolski Program Profilaktyki Czerniaka &#8222;Znami\u0119! Znam je?&#8221; maj\u0105cy na celu podniesienie \u015bwiadomo\u015bci na temat czerniaka w\u015br\u00f3d uczni\u00f3w. W klasie VIII pedagog szkolny przeprowadzi\u0142 zaj\u0119cia profilaktyczne, skupiaj\u0105ce si\u0119 na tej gro\u017anej chorobie. Dodatkowo, ka\u017cdy ucze\u0144 otrzyma\u0142 ulotki, kt\u00f3re mogli zabra\u0107 do swoich dom\u00f3w i dzieli\u0107 si\u0119 ze swoimi rodzinami.<\/p>\n<p>Aby jeszcze skuteczniej dotrze\u0107 do uczni\u00f3w, na jednym szkolnym korytarzu zosta\u0142a przygotowana gazetka, zawieraj\u0105ca najwa\u017cniejsze informacje dotycz\u0105ce czerniaka. Przez przyst\u0119pne artyku\u0142y, ilustracje i statystyki, uczniowie mogli lepiej zrozumie\u0107 zagro\u017cenia zwi\u0105zane z t\u0105 chorob\u0105, kt\u00f3ra mo\u017ce dotkn\u0105\u0107 ka\u017cdego z nas.<\/p>\n<p>G\u0142\u00f3wnym celem kampanii by\u0142o upowszechnienie wiedzy na temat profilaktyki czerniaka w\u015br\u00f3d m\u0142odzie\u017cy. Poprzez edukacj\u0119, chciano u\u015bwiadomi\u0107 uczniom zagro\u017cenia zwi\u0105zane z nadmiernym nara\u017ceniem na s\u0142o\u0144ce i niew\u0142a\u015bciwym opalaniem si\u0119. Uczniowie dowiedzieli si\u0119 r\u00f3wnie\u017c o czynnikach ryzyka zwi\u0105zanych z zachorowaniem na raka sk\u00f3ry, takich jak cz\u0119ste wystawianie sk\u00f3ry na promieniowanie UV, oparzenia s\u0142oneczne czy korzystanie z solarium.<\/p>\n<p>Podczas zaj\u0119\u0107 profilaktycznych uczniowie mieli okazj\u0119 zapozna\u0107 si\u0119 z w\u0142a\u015bciwymi prozdrowotnymi postawami i zachowaniami, kt\u00f3re pomog\u0105 zmniejszy\u0107 ryzyko zachorowania na czerniaka. Nauczyli si\u0119, jak prawid\u0142owo chroni\u0107 swoj\u0105 sk\u00f3r\u0119 przed promieniowaniem UV poprzez stosowanie filtr\u00f3w przeciws\u0142onecznych, noszenie ochronnej odzie\u017cy i unikanie intensywnego s\u0142o\u0144ca w godzinach najwi\u0119kszego nas\u0142onecznienia.<\/p>\n<p>Og\u00f3lnopolski Program Profilaktyki Czerniaka &#8222;Znami\u0119! Znam je?&#8221; ma wa\u017cne znaczenie dla zdrowia i dobrostanu uczni\u00f3w. Poprzez edukacj\u0119 i \u015bwiadomo\u015b\u0107 zagro\u017ce\u0144 zwi\u0105zanych z czerniakiem, m\u0142odzie\u017c zdoby\u0142a wiedz\u0119, kt\u00f3ra pozwoli im podejmowa\u0107 odpowiednie \u015brodki ostro\u017cno\u015bci i dba\u0107 o swoje zdrowie sk\u00f3ry. Dzi\u0119ki temu programowi, szko\u0142a odegra\u0142a istotn\u0105 rol\u0119 w budowaniu prozdrowotnych nawyk\u00f3w i promowaniu odpowiedzialnych postaw w\u015br\u00f3d uczni\u00f3w.<\/p>\n","protected":false},"excerpt":{"rendered":"<p>W roku szkolnym 2022\/2023 w naszej szkole zosta\u0142 zrealizowany Og\u00f3lnopolski Program Profilaktyki Czerniaka &#8222;Znami\u0119! Znam je?&#8221; maj\u0105cy na celu podniesienie<\/p>\n","protected":false},"author":1,"featured_media":5151,"comment_status":"closed","ping_status":"closed","sticky":false,"template":"","format":"standard","meta":{"footnotes":""},"categories":[7,3],"tags":[],"_links":{"self":[{"href":"https:\/\/sppolna.gminagrybow.pl\/index.php?rest_route=\/wp\/v2\/posts\/6074"}],"collection":[{"href":"https:\/\/sppolna.gminagrybow.pl\/index.php?rest_route=\/wp\/v2\/posts"}],"about":[{"href":"https:\/\/sppolna.gminagrybow.pl\/index.php?rest_route=\/wp\/v2\/types\/post"}],"author":[{"embeddable":true,"href":"https:\/\/sppolna.gminagrybow.pl\/index.php?rest_route=\/wp\/v2\/users\/1"}],"replies":[{"embeddable":true,"href":"https:\/\/sppolna.gminagrybow.pl\/index.php?rest_route=%2Fwp%2Fv2%2Fcomments&post=6074"}],"version-history":[{"count":2,"href":"https:\/\/sppolna.gminagrybow.pl\/index.php?rest_route=\/wp\/v2\/posts\/6074\/revisions"}],"predecessor-version":[{"id":6113,"href":"https:\/\/sppolna.gminagrybow.pl\/index.php?rest_route=\/wp\/v2\/posts\/6074\/revisions\/6113"}],"wp:featuredmedia":[{"embeddable":true,"href":"https:\/\/sppolna.gminagrybow.pl\/index.php?rest_route=\/wp\/v2\/media\/5151"}],"wp:attachment":[{"href":"https:\/\/sppolna.gminagrybow.pl\/index.php?rest_route=%2Fwp%2Fv2%2Fmedia&parent=6074"}],"wp:term":[{"taxonomy":"category","embeddable":true,"href":"https:\/\/sppolna.gminagrybow.pl\/index.php?rest_route=%2Fwp%2Fv2%2Fcategories&post=6074"},{"taxonomy":"post_tag","embeddable":true,"href":"https:\/\/sppolna.gminagrybow.pl\/index.php?rest_route=%2Fwp%2Fv2%2Ftags&post=6074"}],"curies":[{"name":"wp","href":"https:\/\/api.w.org\/{rel}","templated":true}]}}