{"id":6271,"date":"2023-10-09T09:00:01","date_gmt":"2023-10-09T07:00:01","guid":{"rendered":"http:\/\/sppolna.gminagrybow.pl\/?p=6271"},"modified":"2023-10-06T22:10:54","modified_gmt":"2023-10-06T20:10:54","slug":"sonda-z-okazji-dnia-edukacji-narodowej","status":"publish","type":"post","link":"https:\/\/sppolna.gminagrybow.pl\/?p=6271","title":{"rendered":"Sonda z okazji Dnia Edukacji Narodowej"},"content":{"rendered":"<p>Nasi uczniowie postanowili wzbogaci\u0107 \u015bwi\u0119towanie Dnia Edukacji Narodowej o kreatywny element. Zainicjowali sond\u0119 w\u015br\u00f3d swoich koleg\u00f3w i kole\u017canek, kt\u00f3ra mia\u0142a na celu zgromadzenie cennych informacji na temat naszego szkolnego \u017cycia. W trakcie tej niezwyk\u0142ej inicjatywy uczniowie przyj\u0119li nowoczesne podej\u015bcie, korzystaj\u0105c z najnowszych technologii, takich jak aparat fotograficzny z funkcj\u0105 nagrywania oraz gimbal.<\/p>\n<p>To niew\u0105tpliwie podnios\u0142o rang\u0119 naszego projektu, umo\u017cliwiaj\u0105c nam rejestrowanie nie tylko s\u0142\u00f3w, ale r\u00f3wnie\u017c obraz\u00f3w i emocji, co znacz\u0105co wzbogaci\u0142o nasze badanie. Byli\u015bmy zaskoczeni tym, jak nasi uczniowie nie tylko potrafili obs\u0142ugiwa\u0107 te nowinki techniczne, ale tak\u017ce jak kreatywnie je wykorzystywali zar\u00f3wno w celach rozrywkowych, jak i edukacyjnych.<\/p>\n<p>W trakcie tworzenia sondy uczniowie mieli okazj\u0119 podzieli\u0107 si\u0119 swoimi spostrze\u017ceniami i wra\u017ceniami zwi\u0105zanych z nauk\u0105. Mogli zacytowa\u0107 swoich nauczycieli, tworz\u0105c w ten spos\u00f3b unikalne i zabawne momenty. To z pewno\u015bci\u0105 sprawi\u0142o, \u017ce ca\u0142a inicjatywa sta\u0142a si\u0119 bardziej przyjazna i emocjonuj\u0105ca dla wszystkich uczestnik\u00f3w.<\/p>\n<p>Nasza szko\u0142a jest miejscem, gdzie nowinki techniczne id\u0105 w parze z edukacj\u0105, a to daje nam ogromne mo\u017cliwo\u015bci w rozwijaniu si\u0119 i poznawaniu \u015bwiata.<\/p>\n<p><img loading=\"lazy\" decoding=\"async\" class=\"size-full wp-image-4666 alignright\" src=\"http:\/\/sppolna.gminagrybow.pl\/wp-content\/uploads\/2022\/01\/lab.png\" alt=\"\" width=\"150\" height=\"161\">Filmik powsta\u0142 dzi\u0119ki zakupionemu sprz\u0119towi w ramach programu &#8222;Laboratoria Przysz\u0142o\u015bci. &#8222;Podczas tworzenia sondy uczniowie korzystaj\u0105 z takich sprz\u0119t\u00f3w jak: <strong>aparat fotograficzny z funkcj\u0105 nagrywani oraz gimbal.<\/strong><\/p>\n<p>&nbsp;<\/p>\n<p>Jeste\u015bcie ciekawi pyta\u0144 oraz udzielonych odpowiedzi? Zapraszamy do obejrzenia filmiku:<\/p>\n<div class=\"tx-youtube-outerwarp\" style=\"width: 600px\"><div class=\"tx-youtube-warp\" style=\"\"><iframe src=\"https:\/\/www.youtube.com\/embed\/sQtxlJsR_NE?controls=1&amp;showinfo=0&amp;rel=0&amp;autoplay=0\" frameborder=\"0\" allow=\"autoplay\" allowfullscreen><\/iframe><\/div><\/div>\n<p>A oto kulisy:<\/p>\n<div class=\"tx-youtube-outerwarp\" style=\"width: 600px\"><div class=\"tx-youtube-warp\" style=\"\"><iframe src=\"https:\/\/www.youtube.com\/embed\/xlcNZuXaMHk?controls=1&amp;showinfo=0&amp;rel=0&amp;autoplay=0\" frameborder=\"0\" allow=\"autoplay\" allowfullscreen><\/iframe><\/div><\/div>\n","protected":false},"excerpt":{"rendered":"<p>Nasi uczniowie postanowili wzbogaci\u0107 \u015bwi\u0119towanie Dnia Edukacji Narodowej o kreatywny element. Zainicjowali sond\u0119 w\u015br\u00f3d swoich koleg\u00f3w i kole\u017canek, kt\u00f3ra mia\u0142a<\/p>\n","protected":false},"author":1,"featured_media":6270,"comment_status":"closed","ping_status":"closed","sticky":false,"template":"","format":"standard","meta":{"footnotes":""},"categories":[7,3],"tags":[],"_links":{"self":[{"href":"https:\/\/sppolna.gminagrybow.pl\/index.php?rest_route=\/wp\/v2\/posts\/6271"}],"collection":[{"href":"https:\/\/sppolna.gminagrybow.pl\/index.php?rest_route=\/wp\/v2\/posts"}],"about":[{"href":"https:\/\/sppolna.gminagrybow.pl\/index.php?rest_route=\/wp\/v2\/types\/post"}],"author":[{"embeddable":true,"href":"https:\/\/sppolna.gminagrybow.pl\/index.php?rest_route=\/wp\/v2\/users\/1"}],"replies":[{"embeddable":true,"href":"https:\/\/sppolna.gminagrybow.pl\/index.php?rest_route=%2Fwp%2Fv2%2Fcomments&post=6271"}],"version-history":[{"count":1,"href":"https:\/\/sppolna.gminagrybow.pl\/index.php?rest_route=\/wp\/v2\/posts\/6271\/revisions"}],"predecessor-version":[{"id":6272,"href":"https:\/\/sppolna.gminagrybow.pl\/index.php?rest_route=\/wp\/v2\/posts\/6271\/revisions\/6272"}],"wp:featuredmedia":[{"embeddable":true,"href":"https:\/\/sppolna.gminagrybow.pl\/index.php?rest_route=\/wp\/v2\/media\/6270"}],"wp:attachment":[{"href":"https:\/\/sppolna.gminagrybow.pl\/index.php?rest_route=%2Fwp%2Fv2%2Fmedia&parent=6271"}],"wp:term":[{"taxonomy":"category","embeddable":true,"href":"https:\/\/sppolna.gminagrybow.pl\/index.php?rest_route=%2Fwp%2Fv2%2Fcategories&post=6271"},{"taxonomy":"post_tag","embeddable":true,"href":"https:\/\/sppolna.gminagrybow.pl\/index.php?rest_route=%2Fwp%2Fv2%2Ftags&post=6271"}],"curies":[{"name":"wp","href":"https:\/\/api.w.org\/{rel}","templated":true}]}}