{"id":6636,"date":"2024-01-17T20:33:58","date_gmt":"2024-01-17T19:33:58","guid":{"rendered":"http:\/\/sppolna.gminagrybow.pl\/?p=6636"},"modified":"2024-01-17T20:33:58","modified_gmt":"2024-01-17T19:33:58","slug":"bohateron-w-twojej-szkole-2023","status":"publish","type":"post","link":"https:\/\/sppolna.gminagrybow.pl\/?p=6636","title":{"rendered":"BohaterON w Twojej Szkole 2023"},"content":{"rendered":"<p>W ramach akcji <strong>BohaterON w Twojej Szkole 2023<\/strong> upami\u0119tniaj\u0105cej 79. rocznic\u0119 wybuchu Powstania Warszawskiego i piel\u0119gnuj\u0105cej pami\u0119\u0107 o uczestnikach tego wydarzenia, uczniowie klas 4-7 wzi\u0119li wzi\u0119li udzia\u0142 w projekcie edukacyjnym <strong>&#8222;Bombka z Memmingen&#8221;<\/strong>.<\/p>\n<p>W trakcie lekcji historii uczniowie poznali losy Aureliusza Dembi\u0144skiego, 16-letniego uczestnika Powstania Warszawskiego, a nast\u0119pnie wi\u0119\u017ania obozu jenieckiego Stalag VII B Memmingen. Po wys\u0142uchaniu pi\u0119knego i wzruszaj\u0105cego s\u0142uchowiska wykonali papierowe bombki, kt\u00f3re ozdobi\u0142y szkoln\u0105 choink\u0119.<\/p>\n<p>Dlaczego papierowe bombki? Bo tak\u0105 ozdob\u0119 choinkow\u0105 wykona\u0142 Aureliusz w obozie jenieckim Memmingen w wigili\u0119 24 grudnia 1944 r. Po wojnie bohater u\u0142o\u017cy\u0142 sobie \u017cycie za granic\u0105, ale ma\u0142a papierowa bombka ju\u017c na zawsze pozosta\u0142a pami\u0105tk\u0105 obozowego \u017cycia. Ta niezwyk\u0142a lekcja historii &#8222;o pragnieniu wolno\u015bci i t\u0119sknocie za Ojczyzn\u0105&#8221; u\u015bwiadomi\u0142a wielu uczniom z jakimi trudami zmagali si\u0119 uczestnicy Powstania Warszawskiego.<\/p>\n<p><strong>Chwa\u0142a Bohaterom!<\/strong><\/p>\n<div class=\"tx-youtube-outerwarp\" style=\"width: 600px\"><div class=\"tx-youtube-warp\" style=\"\"><iframe src=\"https:\/\/www.youtube.com\/embed\/_clfP76cnRs?controls=1&amp;showinfo=0&amp;rel=0&amp;autoplay=0\" frameborder=\"0\" allow=\"autoplay\" allowfullscreen><\/iframe><\/div><\/div>\n","protected":false},"excerpt":{"rendered":"<p>W ramach akcji BohaterON w Twojej Szkole 2023 upami\u0119tniaj\u0105cej 79. rocznic\u0119 wybuchu Powstania Warszawskiego i piel\u0119gnuj\u0105cej pami\u0119\u0107 o uczestnikach tego<\/p>\n","protected":false},"author":1,"featured_media":5525,"comment_status":"closed","ping_status":"closed","sticky":false,"template":"","format":"standard","meta":{"footnotes":""},"categories":[7,3],"tags":[],"_links":{"self":[{"href":"https:\/\/sppolna.gminagrybow.pl\/index.php?rest_route=\/wp\/v2\/posts\/6636"}],"collection":[{"href":"https:\/\/sppolna.gminagrybow.pl\/index.php?rest_route=\/wp\/v2\/posts"}],"about":[{"href":"https:\/\/sppolna.gminagrybow.pl\/index.php?rest_route=\/wp\/v2\/types\/post"}],"author":[{"embeddable":true,"href":"https:\/\/sppolna.gminagrybow.pl\/index.php?rest_route=\/wp\/v2\/users\/1"}],"replies":[{"embeddable":true,"href":"https:\/\/sppolna.gminagrybow.pl\/index.php?rest_route=%2Fwp%2Fv2%2Fcomments&post=6636"}],"version-history":[{"count":1,"href":"https:\/\/sppolna.gminagrybow.pl\/index.php?rest_route=\/wp\/v2\/posts\/6636\/revisions"}],"predecessor-version":[{"id":6637,"href":"https:\/\/sppolna.gminagrybow.pl\/index.php?rest_route=\/wp\/v2\/posts\/6636\/revisions\/6637"}],"wp:featuredmedia":[{"embeddable":true,"href":"https:\/\/sppolna.gminagrybow.pl\/index.php?rest_route=\/wp\/v2\/media\/5525"}],"wp:attachment":[{"href":"https:\/\/sppolna.gminagrybow.pl\/index.php?rest_route=%2Fwp%2Fv2%2Fmedia&parent=6636"}],"wp:term":[{"taxonomy":"category","embeddable":true,"href":"https:\/\/sppolna.gminagrybow.pl\/index.php?rest_route=%2Fwp%2Fv2%2Fcategories&post=6636"},{"taxonomy":"post_tag","embeddable":true,"href":"https:\/\/sppolna.gminagrybow.pl\/index.php?rest_route=%2Fwp%2Fv2%2Ftags&post=6636"}],"curies":[{"name":"wp","href":"https:\/\/api.w.org\/{rel}","templated":true}]}}