{"id":7720,"date":"2025-02-27T17:53:34","date_gmt":"2025-02-27T16:53:34","guid":{"rendered":"https:\/\/sppolna.gminagrybow.pl\/?p=7720"},"modified":"2025-02-27T18:00:10","modified_gmt":"2025-02-27T17:00:10","slug":"tlusty-czwartek-i-karnawal-w-naszej-szkole","status":"publish","type":"post","link":"https:\/\/sppolna.gminagrybow.pl\/?p=7720","title":{"rendered":"T\u0142usty Czwartek i Karnawa\u0142 w naszej szkole!"},"content":{"rendered":"<p>Dzi\u015b w szkole panowa\u0142a wyj\u0105tkowa atmosfera, poniewa\u017c obchodzili\u015bmy T\u0142usty Czwartek \u2013 jedno z najs\u0142odszych \u015bwi\u0105t w polskiej tradycji. Jest to dzie\u0144, kt\u00f3ry symbolizuje ostatni\u0105 okazj\u0119 do objadania si\u0119 przed rozpoczynaj\u0105cym si\u0119 Wielkim Postem. Zgodnie ze zwyczajem, w tym dniu nie liczy si\u0119 kalorii, a wr\u0119cz przeciwnie \u2013 m\u00f3wi si\u0119, \u017ce kto nie zje p\u0105czka, temu nie b\u0119dzie si\u0119 wiod\u0142o w nadchodz\u0105cym roku!<\/p>\n<p><img loading=\"lazy\" decoding=\"async\" class=\"wp-image-7723 alignleft\" src=\"https:\/\/sppolna.gminagrybow.pl\/wp-content\/uploads\/2025\/02\/480347828_657441930132655_8209516745945259716_n-1.jpg\" alt=\"\" width=\"382\" height=\"234\" srcset=\"https:\/\/sppolna.gminagrybow.pl\/wp-content\/uploads\/2025\/02\/480347828_657441930132655_8209516745945259716_n-1.jpg 1948w, https:\/\/sppolna.gminagrybow.pl\/wp-content\/uploads\/2025\/02\/480347828_657441930132655_8209516745945259716_n-1-300x184.jpg 300w, https:\/\/sppolna.gminagrybow.pl\/wp-content\/uploads\/2025\/02\/480347828_657441930132655_8209516745945259716_n-1-1673x1024.jpg 1673w, https:\/\/sppolna.gminagrybow.pl\/wp-content\/uploads\/2025\/02\/480347828_657441930132655_8209516745945259716_n-1-768x470.jpg 768w, https:\/\/sppolna.gminagrybow.pl\/wp-content\/uploads\/2025\/02\/480347828_657441930132655_8209516745945259716_n-1-1536x940.jpg 1536w\" sizes=\"(max-width: 382px) 100vw, 382px\" \/>Od samego rana w klasach unosi\u0142 si\u0119 zapach s\u0142odkich wypiek\u00f3w, a uczniowie z klas I-VIII mogli delektowa\u0107 si\u0119 pysznymi p\u0105czkami, chrupi\u0105cymi faworkami oraz smakowitymi babeczkami. Ka\u017cdy znalaz\u0142 co\u015b dla siebie, a wsp\u00f3lne \u015bwi\u0119towanie dostarczy\u0142o wiele rado\u015bci.<\/p>\n<p><img loading=\"lazy\" decoding=\"async\" class=\"wp-image-7724 alignright\" src=\"https:\/\/sppolna.gminagrybow.pl\/wp-content\/uploads\/2025\/02\/0cf6bf78-9274-478e-9e37-8132acf48512.jpg\" alt=\"\" width=\"352\" height=\"181\" srcset=\"https:\/\/sppolna.gminagrybow.pl\/wp-content\/uploads\/2025\/02\/0cf6bf78-9274-478e-9e37-8132acf48512.jpg 2048w, https:\/\/sppolna.gminagrybow.pl\/wp-content\/uploads\/2025\/02\/0cf6bf78-9274-478e-9e37-8132acf48512-300x154.jpg 300w, https:\/\/sppolna.gminagrybow.pl\/wp-content\/uploads\/2025\/02\/0cf6bf78-9274-478e-9e37-8132acf48512-1980x1018.jpg 1980w, https:\/\/sppolna.gminagrybow.pl\/wp-content\/uploads\/2025\/02\/0cf6bf78-9274-478e-9e37-8132acf48512-768x395.jpg 768w, https:\/\/sppolna.gminagrybow.pl\/wp-content\/uploads\/2025\/02\/0cf6bf78-9274-478e-9e37-8132acf48512-1536x790.jpg 1536w\" sizes=\"(max-width: 352px) 100vw, 352px\" \/>Dodatkow\u0105 atrakcj\u0105 dla uczni\u00f3w klas IV-VII by\u0142a zabawa karnawa\u0142owa, kt\u00f3ra odby\u0142a si\u0119 w udekorowanej sali. Imprez\u0119 prowadzi\u0142 profesjonalny DJ, kt\u00f3ry zadba\u0142 o dobr\u0105 muzyk\u0119 i wspania\u0142\u0105 atmosfer\u0119. Uczniowie ta\u0144czyli, brali udzia\u0142 w zabawach, a u\u015bmiechy nie znika\u0142y z ich twarzy. Oczywi\u015bcie nie zabrak\u0142o uczni\u00f3w, kt\u00f3rzy postanowili uczestniczy\u0107 w zabawie w przebraniu \u2013 w\u015br\u00f3d go\u015bci pojawi\u0142y si\u0119 Minionki, piratki oraz wiele innych kreatywnych postaci.<\/p>\n<p>Po intensywnych ta\u0144cach uczestnicy mogli odpocz\u0105\u0107 przy przygotowanym pocz\u0119stunku, gdzie czeka\u0142y na nich r\u00f3\u017cne przek\u0105ski oraz napoje. To by\u0142 dzie\u0144 pe\u0142en rado\u015bci, pysznych smako\u0142yk\u00f3w i \u015bwietnej zabawy, kt\u00f3ry na d\u0142ugo pozostanie w pami\u0119ci wszystkich uczestnik\u00f3w.<\/p>\n","protected":false},"excerpt":{"rendered":"<p>Dzi\u015b w szkole panowa\u0142a wyj\u0105tkowa atmosfera, poniewa\u017c obchodzili\u015bmy T\u0142usty Czwartek \u2013 jedno z najs\u0142odszych \u015bwi\u0105t w polskiej tradycji. Jest to<\/p>\n","protected":false},"author":1,"featured_media":7721,"comment_status":"closed","ping_status":"closed","sticky":false,"template":"","format":"standard","meta":{"footnotes":""},"categories":[7],"tags":[],"_links":{"self":[{"href":"https:\/\/sppolna.gminagrybow.pl\/index.php?rest_route=\/wp\/v2\/posts\/7720"}],"collection":[{"href":"https:\/\/sppolna.gminagrybow.pl\/index.php?rest_route=\/wp\/v2\/posts"}],"about":[{"href":"https:\/\/sppolna.gminagrybow.pl\/index.php?rest_route=\/wp\/v2\/types\/post"}],"author":[{"embeddable":true,"href":"https:\/\/sppolna.gminagrybow.pl\/index.php?rest_route=\/wp\/v2\/users\/1"}],"replies":[{"embeddable":true,"href":"https:\/\/sppolna.gminagrybow.pl\/index.php?rest_route=%2Fwp%2Fv2%2Fcomments&post=7720"}],"version-history":[{"count":1,"href":"https:\/\/sppolna.gminagrybow.pl\/index.php?rest_route=\/wp\/v2\/posts\/7720\/revisions"}],"predecessor-version":[{"id":7725,"href":"https:\/\/sppolna.gminagrybow.pl\/index.php?rest_route=\/wp\/v2\/posts\/7720\/revisions\/7725"}],"wp:featuredmedia":[{"embeddable":true,"href":"https:\/\/sppolna.gminagrybow.pl\/index.php?rest_route=\/wp\/v2\/media\/7721"}],"wp:attachment":[{"href":"https:\/\/sppolna.gminagrybow.pl\/index.php?rest_route=%2Fwp%2Fv2%2Fmedia&parent=7720"}],"wp:term":[{"taxonomy":"category","embeddable":true,"href":"https:\/\/sppolna.gminagrybow.pl\/index.php?rest_route=%2Fwp%2Fv2%2Fcategories&post=7720"},{"taxonomy":"post_tag","embeddable":true,"href":"https:\/\/sppolna.gminagrybow.pl\/index.php?rest_route=%2Fwp%2Fv2%2Ftags&post=7720"}],"curies":[{"name":"wp","href":"https:\/\/api.w.org\/{rel}","templated":true}]}}