{"id":8841,"date":"2026-03-16T22:48:31","date_gmt":"2026-03-16T21:48:31","guid":{"rendered":"https:\/\/sppolna.gminagrybow.pl\/?p=8841"},"modified":"2026-03-17T09:58:34","modified_gmt":"2026-03-17T08:58:34","slug":"jezykowe-wyzwania-w-bibliotece-szkolnej","status":"publish","type":"post","link":"https:\/\/sppolna.gminagrybow.pl\/?p=8841","title":{"rendered":"J\u0119zykowe wyzwania w bibliotece szkolnej"},"content":{"rendered":"<p>Z okazji obchod\u00f3w Dnia J\u0119zyka Ojczystego oraz \u015awiatowego Dnia Poezji w naszej szkolnej bibliotece odby\u0142y si\u0119\u00a0 warsztaty j\u0119zykowe. Przez trzy dni, podczas przerw mi\u0119dzylekcyjnych, uczniowie brali udzia\u0142 w przygotowanych zadaniach oraz zagadkach zwi\u0105zanych z j\u0119zykiem polskim.<\/p>\n<p>Na uczestnik\u00f3w czeka\u0142y r\u00f3\u017cnorodne \u0142amig\u0142\u00f3wki, rebusy, \u0142ama\u0144ce j\u0119zykowe oraz zadania sprawdzaj\u0105ce znajomo\u015b\u0107 frazeologizm\u00f3w, ortografii i poezji. Uczniowie z du\u017cym zaanga\u017cowaniem podejmowali kolejne wyzwania, rozwijaj\u0105c swoj\u0105 wiedz\u0119 j\u0119zykow\u0105 oraz dobrze bawi\u0105c si\u0119 j\u0119zykiem polskim.<\/p>\n<p>Warsztaty cieszy\u0142y si\u0119 du\u017cym zainteresowaniem, a biblioteka w czasie przerw wype\u0142nia\u0142a si\u0119 uczniami ch\u0119tnymi do sprawdzenia swoich umiej\u0119tno\u015bci. Wydarzenie by\u0142o doskona\u0142\u0105 okazj\u0105 do promowania pi\u0119kna j\u0119zyka ojczystego oraz zach\u0119cenia m\u0142odzie\u017cy do kontaktu z literatur\u0105 i poezj\u0105.<\/p>\n<p>Dzi\u0119kujemy wszystkim uczniom za aktywny udzia\u0142 i zapraszamy do uczestnictwa w kolejnych wydarzeniach organizowanych w naszej bibliotece szkolnej.<\/p>\n<p><img loading=\"lazy\" decoding=\"async\" class=\"alignleft  wp-image-8844\" src=\"https:\/\/sppolna.gminagrybow.pl\/wp-content\/uploads\/2026\/03\/2.jpg\" alt=\"\" width=\"351\" height=\"263\" srcset=\"https:\/\/sppolna.gminagrybow.pl\/wp-content\/uploads\/2026\/03\/2.jpg 800w, https:\/\/sppolna.gminagrybow.pl\/wp-content\/uploads\/2026\/03\/2-300x225.jpg 300w, https:\/\/sppolna.gminagrybow.pl\/wp-content\/uploads\/2026\/03\/2-768x576.jpg 768w\" sizes=\"(max-width: 351px) 100vw, 351px\" \/> <img loading=\"lazy\" decoding=\"async\" class=\"alignleft  wp-image-8845\" src=\"https:\/\/sppolna.gminagrybow.pl\/wp-content\/uploads\/2026\/03\/3.jpg\" alt=\"\" width=\"351\" height=\"263\" srcset=\"https:\/\/sppolna.gminagrybow.pl\/wp-content\/uploads\/2026\/03\/3.jpg 800w, https:\/\/sppolna.gminagrybow.pl\/wp-content\/uploads\/2026\/03\/3-300x225.jpg 300w, https:\/\/sppolna.gminagrybow.pl\/wp-content\/uploads\/2026\/03\/3-768x576.jpg 768w\" sizes=\"(max-width: 351px) 100vw, 351px\" \/><\/p>\n<p><img loading=\"lazy\" decoding=\"async\" class=\"wp-image-8846 aligncenter\" src=\"https:\/\/sppolna.gminagrybow.pl\/wp-content\/uploads\/2026\/03\/5.jpg\" alt=\"\" width=\"352\" height=\"264\" srcset=\"https:\/\/sppolna.gminagrybow.pl\/wp-content\/uploads\/2026\/03\/5.jpg 800w, https:\/\/sppolna.gminagrybow.pl\/wp-content\/uploads\/2026\/03\/5-300x225.jpg 300w, https:\/\/sppolna.gminagrybow.pl\/wp-content\/uploads\/2026\/03\/5-768x576.jpg 768w\" sizes=\"(max-width: 352px) 100vw, 352px\" \/><\/p>\n","protected":false},"excerpt":{"rendered":"<p>Z okazji obchod\u00f3w Dnia J\u0119zyka Ojczystego oraz \u015awiatowego Dnia Poezji w naszej szkolnej bibliotece odby\u0142y si\u0119\u00a0 warsztaty j\u0119zykowe. Przez trzy<\/p>\n","protected":false},"author":1,"featured_media":8126,"comment_status":"closed","ping_status":"closed","sticky":false,"template":"","format":"standard","meta":{"footnotes":""},"categories":[7],"tags":[],"_links":{"self":[{"href":"https:\/\/sppolna.gminagrybow.pl\/index.php?rest_route=\/wp\/v2\/posts\/8841"}],"collection":[{"href":"https:\/\/sppolna.gminagrybow.pl\/index.php?rest_route=\/wp\/v2\/posts"}],"about":[{"href":"https:\/\/sppolna.gminagrybow.pl\/index.php?rest_route=\/wp\/v2\/types\/post"}],"author":[{"embeddable":true,"href":"https:\/\/sppolna.gminagrybow.pl\/index.php?rest_route=\/wp\/v2\/users\/1"}],"replies":[{"embeddable":true,"href":"https:\/\/sppolna.gminagrybow.pl\/index.php?rest_route=%2Fwp%2Fv2%2Fcomments&post=8841"}],"version-history":[{"count":4,"href":"https:\/\/sppolna.gminagrybow.pl\/index.php?rest_route=\/wp\/v2\/posts\/8841\/revisions"}],"predecessor-version":[{"id":8848,"href":"https:\/\/sppolna.gminagrybow.pl\/index.php?rest_route=\/wp\/v2\/posts\/8841\/revisions\/8848"}],"wp:featuredmedia":[{"embeddable":true,"href":"https:\/\/sppolna.gminagrybow.pl\/index.php?rest_route=\/wp\/v2\/media\/8126"}],"wp:attachment":[{"href":"https:\/\/sppolna.gminagrybow.pl\/index.php?rest_route=%2Fwp%2Fv2%2Fmedia&parent=8841"}],"wp:term":[{"taxonomy":"category","embeddable":true,"href":"https:\/\/sppolna.gminagrybow.pl\/index.php?rest_route=%2Fwp%2Fv2%2Fcategories&post=8841"},{"taxonomy":"post_tag","embeddable":true,"href":"https:\/\/sppolna.gminagrybow.pl\/index.php?rest_route=%2Fwp%2Fv2%2Ftags&post=8841"}],"curies":[{"name":"wp","href":"https:\/\/api.w.org\/{rel}","templated":true}]}}