{"id":8940,"date":"2026-04-30T00:19:48","date_gmt":"2026-04-29T22:19:48","guid":{"rendered":"https:\/\/sppolna.gminagrybow.pl\/?p=8940"},"modified":"2026-04-30T00:25:03","modified_gmt":"2026-04-29T22:25:03","slug":"swieto-konstytucji-3-maja","status":"publish","type":"post","link":"https:\/\/sppolna.gminagrybow.pl\/?p=8940","title":{"rendered":"Narodowe \u015awi\u0119to Konstytucji 3 Maja"},"content":{"rendered":"<p>W dniu 29 kwietnia 2026 roku w naszej szkole odby\u0142a si\u0119 uroczysta akademia z okazji kolejnej rocznicy uchwalenia\u00a0<strong>Konstytucji 3 Maja<\/strong>\u00a0oraz <strong>Dnia Flagi Rzeczypospolitej Polskiej<\/strong> &#8211; \u015bwi\u0119to to, ustanowione przez Sejm w 2004 roku, ma na celu propagowanie szacunku do barw narodowych i symboli pa\u0144stwowych.<\/p>\n<p>W przedstawieniu udzia\u0142 wzi\u0119li uczniowie klasy czwartej i si\u00f3dmej oraz szkolny ch\u00f3rek. Has\u0142o przewodnie uroczysto\u015bci brzmia\u0142o: <strong>Biel i czerwie\u0144 w naszych sercach<\/strong>. Te kolory &#8211; barwy ojczyste,\u00a0widoczne by\u0142y zar\u00f3wno w dekoracjach, jak i\u00a0 od\u015bwi\u0119tnych strojach uczni\u00f3w, co dodatkowo podkre\u015bli\u0142o patriotyczny wyd\u017awi\u0119k obchod\u00f3w.<\/p>\n<p>Podczas inscenizacji przenie\u015bli\u015bmy si\u0119 w czasy panowania kr\u00f3la Stanis\u0142awa Augusta Poniatowskiego\u2014 epoki o\u015bwiecenia, w kt\u00f3rej narodzi\u0142a si\u0119 nowoczesna my\u015bl polityczna. Uczniowie, poprzez scenki i narracj\u0119, przybli\u017cyli okoliczno\u015bci uchwalenia Konstytucji 3 Maja oraz znaczenie tego dokumentu dla \u00f3wczesnej Rzeczypospolitej. Uczniowie klasy si\u00f3dmej przedstawili cz\u0119\u015b\u0107 historyczn\u0105 dotycz\u0105c\u0105 idei i cel\u00f3w Konstytucji, natomiast uczniowie klasy czwartej zaprezentowali znaczenie polskich barw narodowych oraz ide\u0119 obchod\u00f3w \u015awi\u0119ta Flagi.<\/p>\n<p>Wyj\u0105tkowym momentem uroczysto\u015bci by\u0142o wykonanie pi\u0119knego utworu patriotycznego\u00a0Roty, kt\u00f3ry zabrzmia\u0142 dzi\u0119ki tr\u0119baczowi \u2014 uczniowi klasy pi\u0105tej. Jego wyst\u0119p by\u0142 wzruszaj\u0105cy\u00a0 i nada\u0142 akademii szczeg\u00f3lnej, dostojnej atmosfery. Oprawa muzyczna szkolnego ch\u00f3rku, recytacje uczni\u00f3w oraz zaanga\u017cowanie wszystkich uczestnik\u00f3w sprawi\u0142y, \u017ce przedstawienie by\u0142o nie tylko form\u0105 artystycznego wyrazu, ale tak\u017ce \u017cyw\u0105 lekcj\u0105 historii i patriotyzmu.<\/p>\n<p>Ponadto, podczas akademii odby\u0142 si\u0119 Szkolny Konkurs Poezji Patriotycznej pt. <strong>\u201eMoja Ojczyzna\u201d<\/strong>. \u00a0W wydarzeniu wzi\u0119li udzia\u0142 uczniowie klas I\u2013VIII, kt\u00f3rzy zaprezentowali wybrane przez siebie utwory o tematyce patriotycznej. Celem konkursu by\u0142o kszta\u0142towanie postaw patriotycznych, rozwijanie wra\u017cliwo\u015bci na pi\u0119kno j\u0119zyka polskiego oraz doskonalenie umiej\u0119tno\u015bci recytatorskich.<\/p>\n<p>Uczestnicy wykazali si\u0119 du\u017cym zaanga\u017cowaniem, starannym przygotowaniem oraz ciekawym odbiorem repertuaru. Jury bra\u0142o pod uwag\u0119 m.in. opanowanie tekstu, dykcj\u0119, interpretacj\u0119 utworu oraz og\u00f3lny wyraz artystyczny.<\/p>\n<p>Po wys\u0142uchaniu wszystkich prezentacji komisja wy\u0142oni\u0142a laureat\u00f3w w dw\u00f3ch kategoriach wiekowych:<\/p>\n<ul>\n<li>w kategorii klas I\u2013III zwyci\u0119\u017cy\u0142 Sebastian Szura z kl. 3,<\/li>\n<li>w kategorii klas IV\u2013VIII wygra\u0142a Weronika Migacz z k. 5.<\/li>\n<\/ul>\n<p>Wszyscy uczestnicy otrzymali dyplomy, a zwyci\u0119zcy nagrody ksi\u0105\u017ckowe. Konkurs przebieg\u0142 w mi\u0142ej i podnios\u0142ej atmosferze. By\u0142 doskona\u0142\u0105 okazj\u0105 do refleksji nad warto\u015bciami patriotycznymi oraz do rozwijania talent\u00f3w recytatorskich uczni\u00f3w.<\/p>\n<p>Co szczeg\u00f3lnie wa\u017cne, tego dnia odwiedzi\u0142a nas Pani Ewa Por\u0119ba \u2013 emerytowana nauczycielka, kt\u00f3ra od lat aktywnie wspiera dzia\u0142ania lokalnej spo\u0142eczno\u015bci. Wsp\u00f3\u0142pracuj\u0105c z Ko\u0142em Gospody\u0144 Wiejskich w Polnej, wr\u0119czy\u0142a naszym uczniom cenne nagrody za udzia\u0142 i osi\u0105gni\u0119cia w konkursach. By\u0142 to dla wszystkich wyj\u0105tkowy moment, pe\u0142en rado\u015bci i dumy. Serdecznie dzi\u0119kujemy za \u017cyczliwo\u015b\u0107, zaanga\u017cowanie oraz nieustanne wspieranie i docenianie naszych uczni\u00f3w.<\/p>\n<div class=\"tx-youtube-outerwarp\" style=\"width: 500px\"><div class=\"tx-youtube-warp\" style=\"\"><iframe src=\"https:\/\/www.youtube.com\/embed\/CjdT5gw1Ufc?controls=1&amp;showinfo=0&amp;rel=0&amp;autoplay=0\" frameborder=\"0\" allow=\"autoplay\" allowfullscreen><\/iframe><\/div><\/div>\n","protected":false},"excerpt":{"rendered":"<p>W dniu 29 kwietnia 2026 roku w naszej szkole odby\u0142a si\u0119 uroczysta akademia z okazji kolejnej rocznicy uchwalenia\u00a0Konstytucji 3 Maja\u00a0oraz<\/p>\n","protected":false},"author":1,"featured_media":8941,"comment_status":"closed","ping_status":"closed","sticky":false,"template":"","format":"standard","meta":{"footnotes":""},"categories":[7],"tags":[],"_links":{"self":[{"href":"https:\/\/sppolna.gminagrybow.pl\/index.php?rest_route=\/wp\/v2\/posts\/8940"}],"collection":[{"href":"https:\/\/sppolna.gminagrybow.pl\/index.php?rest_route=\/wp\/v2\/posts"}],"about":[{"href":"https:\/\/sppolna.gminagrybow.pl\/index.php?rest_route=\/wp\/v2\/types\/post"}],"author":[{"embeddable":true,"href":"https:\/\/sppolna.gminagrybow.pl\/index.php?rest_route=\/wp\/v2\/users\/1"}],"replies":[{"embeddable":true,"href":"https:\/\/sppolna.gminagrybow.pl\/index.php?rest_route=%2Fwp%2Fv2%2Fcomments&post=8940"}],"version-history":[{"count":5,"href":"https:\/\/sppolna.gminagrybow.pl\/index.php?rest_route=\/wp\/v2\/posts\/8940\/revisions"}],"predecessor-version":[{"id":8946,"href":"https:\/\/sppolna.gminagrybow.pl\/index.php?rest_route=\/wp\/v2\/posts\/8940\/revisions\/8946"}],"wp:featuredmedia":[{"embeddable":true,"href":"https:\/\/sppolna.gminagrybow.pl\/index.php?rest_route=\/wp\/v2\/media\/8941"}],"wp:attachment":[{"href":"https:\/\/sppolna.gminagrybow.pl\/index.php?rest_route=%2Fwp%2Fv2%2Fmedia&parent=8940"}],"wp:term":[{"taxonomy":"category","embeddable":true,"href":"https:\/\/sppolna.gminagrybow.pl\/index.php?rest_route=%2Fwp%2Fv2%2Fcategories&post=8940"},{"taxonomy":"post_tag","embeddable":true,"href":"https:\/\/sppolna.gminagrybow.pl\/index.php?rest_route=%2Fwp%2Fv2%2Ftags&post=8940"}],"curies":[{"name":"wp","href":"https:\/\/api.w.org\/{rel}","templated":true}]}}