{"id":8947,"date":"2026-04-30T11:21:59","date_gmt":"2026-04-30T09:21:59","guid":{"rendered":"https:\/\/sppolna.gminagrybow.pl\/?p=8947"},"modified":"2026-04-30T12:26:39","modified_gmt":"2026-04-30T10:26:39","slug":"gminne-centrum-uslug-spolecznych-w-grybowie-oglasza-rekrutacje-dzieci-i-mlodziezy-do-placowki-wsparcia-dziennego","status":"publish","type":"post","link":"https:\/\/sppolna.gminagrybow.pl\/?p=8947","title":{"rendered":"Gminne Centrum Us\u0142ug Spo\u0142ecznych w Grybowie og\u0142asza rekrutacj\u0119 dzieci i m\u0142odzie\u017cy do Plac\u00f3wki Wsparcia Dziennego"},"content":{"rendered":"<div class=\"col span_12_of_12\">\n<p align=\"center\"><strong><img decoding=\"async\" src=\"https:\/\/www.gops.gminagrybow.pl\/files\/images\/logo(1).png\" alt=\"\" \/><\/strong><\/p>\n<p align=\"center\"><strong>Rekrutacja dzieci i m\u0142odzie\u017cy do Plac\u00f3wki Wsparcia Dziennego<\/strong><\/p>\n<p align=\"center\"><strong>w ramach projektu pn. \u201eKompleksowe wsparcie us\u0142ug spo\u0142ecznych w Gminie Gryb\u00f3w\u201d<\/strong><\/p>\n<p align=\"center\"><strong>\u2013 NAB\u00d3R 1<\/strong><\/p>\n<p><strong>Gminne Centrum Us\u0142ug Spo\u0142ecznych w Grybowie og\u0142asza rekrutacj\u0119<\/strong>\u00a0<strong>dzieci i m\u0142odzie\u017cy do Plac\u00f3wki Wsparcia Dziennego w ramach projektu pn.\u00a0\u201eKompleksowe wsparcie us\u0142ug spo\u0142ecznych w Gminie Gryb\u00f3w\u201d, nr FEMP.06.33-IP.01-1532\/24\u201d.<\/strong><\/p>\n<p><strong>NAB\u00d3R 1 \u2013 Czas trwania rekrutacji od dnia 30.04.2026r. do dnia 15.05.2026r.<\/strong><\/p>\n<p><strong>Celem projektu<\/strong>\u00a0jest utworzenie Plac\u00f3wki Wsparcia Dziennego dla dzieci i m\u0142odzie\u017cy, kt\u00f3ra zapewni wsparcie rodzinom przez obj\u0119cie dziecka opiek\u0105 i wychowaniem, b\u0119dzie wspiera\u0107 rozw\u00f3j m\u0142odych ludzi, wyr\u00f3wnywa\u0107 zdiagnozowane deficyty, oddzia\u0142ywa\u0107 na \u015brodowisko m\u0142odego cz\u0142owieka, w szczeg\u00f3lno\u015bci zagro\u017cone wykluczeniem spo\u0142ecznym (pomoc w opiece i wychowaniu dziecka poprzez us\u0142ugi plac\u00f3wki wsparcia dziennego w formie opieku\u0144czej i specjalistycznej oraz w formie pracy podw\u00f3rkowej).<\/p>\n<p>Nowo utworzona Plac\u00f3wka Wsparcia Dziennego (PWD) b\u0119dzie dzia\u0142a\u0107 w formie stacjonarnej w miejscowo\u015bci Sio\u0142kowa oraz w formie pracy podw\u00f3rkowej przy Zespo\u0142ach szkolno-przedszkolnych w miejscowo\u015bciach:\u00a0<strong>Ptaszkowa (ZSP nr 1), Kru\u017clowa Wy\u017cna, Str\u00f3\u017ce, Florynka i Bia\u0142a Ni\u017cna<\/strong>. PWD zapewni wsparcie rodzinom przez wdro\u017cenie systematycznych form wsparcia na rzecz dzieci zagro\u017conych wykluczeniem spo\u0142ecznym oraz b\u0119dzie przeciwdzia\u0142a\u0107 i zwalcza\u0107 dysfunkcje w rodzinie. Us\u0142ugi \u015bwiadczone przez PWD to: opieka i wychowanie, pomoc w nauce, organizacja czasu wolnego, zaj\u0119cia sportowe, rozw\u00f3j zainteresowa\u0144 (wycieczki, warsztaty), zaj\u0119cia specjalistyczne (psycholog, zaj\u0119cia korekcyjne) oraz warsztaty, gry, p\u00f3\u0142kolonie, zimowy czas wolny, zabawy i animacje wykorzystuj\u0105ce infrastruktur\u0119 dost\u0119pn\u0105 w terenie np. \u015bwietlice, place zabaw, miasteczka rowerowe, place szkolne.<\/p>\n<p>Kryteria formalne:<\/p>\n<ol>\n<li>dzieci i\u00a0m\u0142odzie\u017c do 18 roku \u017cycia zamieszka\u0142a na terenie Gminy Gryb\u00f3w,<\/li>\n<li>osoba, kt\u00f3ra nie otrzymuje jednocze\u015bnie wsparcia w projekcie o analogicznym celu\/charakterze dofinansowanym ze \u015brodk\u00f3w EFS+.<\/li>\n<\/ol>\n<p>Kryteria preferencyjne i punktowe:<\/p>\n<ol>\n<li>osoby o znacznym lub umiarkowanym stopniu niepe\u0142nosprawno\u015bci<\/li>\n<li>osoby z niepe\u0142nosprawno\u015bci\u0105 sprz\u0119\u017con\u0105<\/li>\n<li>osoby z chorobami psychicznymi<\/li>\n<li>osoby z niepe\u0142nosprawno\u015bci\u0105 intelektualn\u0105<\/li>\n<li>osoby z ca\u0142o\u015bciowymi zaburzeniami rozwojowymi (w rozumieniu zgodnym z Mi\u0119dzynarodow\u0105 Statystyczn\u0105 Klasyfikacj\u0105 Chor\u00f3b i Problem\u00f3w Zdrowotnych ICD10)<\/li>\n<li>korzystaj\u0105ce z programu FE P\u017b<\/li>\n<li>osoba zamieszkuj\u0105ca samotnie<\/li>\n<li>dzieci i m\u0142odzie\u017c wychowuj\u0105ca si\u0119 poza rodzin\u0105 biologiczn\u0105<\/li>\n<li>dzieci i m\u0142odzie\u017c\/rodziny do\u015bwiadczaj\u0105ce wykluczenia spo\u0142ecznego z powodu przes\u0142anki:<\/li>\n<\/ol>\n<ul>\n<li>deficyty emocjonalne i mi\u0142o\u015bci w rodzinie<\/li>\n<li>sprawianie problem\u00f3w wychowawczych<\/li>\n<li>brak wzorc\u00f3w i systemu warto\u015bci w rodzinie<\/li>\n<li>bezradno\u015b\u0107 rodzic\u00f3w w sprawach opieku\u0144czo-wychowawczych<\/li>\n<li>niski status ekonomiczno-spo\u0142eczny rodziny\/problemy socjalne i materialne rodziny<\/li>\n<li>inne problemy w rodzinie (w tym np. alkoholizm, przemoc, problemy w zakresie zdrowia psychicznego)<\/li>\n<li>deficyty edukacyjne dzieci<\/li>\n<li>specjalne potrzeby edukacyjne i spo\u0142eczne dzieci, w tym niedostosowanie spo\u0142eczne dzieci i m\u0142odzie\u017cy lub zagro\u017cenie niedostosowaniem<\/li>\n<li>inne deficyty dzieci i m\u0142odzie\u017cy, tak\u017ce g\u0142\u0119bokie wynikaj\u0105ce np. z choroby, niepe\u0142nosprawno\u015bci czy uzale\u017cnie\u0144<\/li>\n<\/ul>\n<p>W ramach projektu planuje si\u0119 obj\u0105\u0107 wsparciem po\u00a0<strong>15 os\u00f3b (dzieci i m\u0142odzie\u017c)\u00a0<\/strong>w ka\u017cdej z sze\u015bciu plac\u00f3wek. Zaplanowano, \u017ce \u0142\u0105cznie ze wsparcia skorzysta 90 os\u00f3b (dzieci i m\u0142odzie\u017c).<\/p>\n<p>Plac\u00f3wka Wsparcia Dziennego ofertuje:<\/p>\n<ul>\n<li>Zindywidualizowany Plan Wsparcia (IPW).<\/li>\n<li>Opieka dziennego wsparcia dla dzieci i m\u0142odzie\u017cy \u2013 w tym pomoc w nauce, rozwijanie kompetencji kluczowej, umiej\u0119tno\u015b\u0107 uczenia si\u0119, ciep\u0142y posi\u0142ek lub podwieczorek, uczestnictwo w r\u00f3\u017cnego rodzaju zaj\u0119ciach.<\/li>\n<li>Zaj\u0119cia rozwijaj\u0105ce tj.:<br \/>\n&#8211; sportowo-korekcyjne;<br \/>\n&#8211;\u00a0informatyczne;<br \/>\n&#8211;\u00a0rytmiczno-muzyczno-taneczne;<br \/>\n&#8211;\u00a0j\u0119zyk angielski;<br \/>\n&#8211;\u00a0r\u0119kodzielnicze.<\/li>\n<li>Organizacja wyjazd\u00f3w\/spotka\u0144 z zakresu \u015bwiadomo\u015bci i ekspresji kulturalnej m.in.: do teatru, muzeum, kina, na koncert, spotkania z lud\u017ami kultury, itp.<\/li>\n<li>Organizacja czasu wolnego poprzez udzia\u0142 w p\u00f3\u0142kolonii letniej, zagospodarowanie czasu wolnego zim\u0105 oraz organizacj\u0119 Dnia rodziny.<\/li>\n<li>Pomoc specjalistyczno-psychologiczna.<\/li>\n<li>Szkolenia, poradnictwo dla opiekun\u00f3w formalnych\/nieformalnych.<\/li>\n<\/ul>\n<p><u>Udzia\u0142 w projekcie jest bezp\u0142atny.<\/u><\/p>\n<p>Dla rodzic\u00f3w\/opiekun\u00f3w formalnych\/nieformalnych zaplanowane s\u0105 szkolenia, poradnictwo w celu wsparcia ich w wychowywaniu dzieci, radzeniu sobie w codziennych kontaktach z dzie\u0107mi i m\u0142odzie\u017c\u0105, nabycia umiej\u0119tno\u015bci lepszego porozumiewania si\u0119, refleksji nad w\u0142asn\u0105 postawa wychowawcz\u0105, nauka dialogu i kszta\u0142towanie wi\u0119zi oraz\u00a0 wymiana do\u015bwiadcze\u0144.<\/p>\n<p><strong>Adres stacjonarnej Plac\u00f3wki Wsparcia Dziennego:<\/strong>\u00a0Sio\u0142kowa 31, 33-330 Gryb\u00f3w.<\/p>\n<p>Plac\u00f3wka stacjonarna w Sio\u0142kowej funkcjonowa\u0107 b\u0119dzie w dni robocze od poniedzia\u0142ku do pi\u0105tku oraz 1 sobot\u0119 w miesi\u0105cu, przez 4 godziny dziennie.<\/p>\n<p><strong>Plac\u00f3wki podw\u00f3rkowe zlokalizowane b\u0119d\u0105:<\/strong><\/p>\n<ul>\n<li>przy ZSP nr 1 w Ptaszkowej<\/li>\n<li>przy ZSP w Bia\u0142ej Ni\u017cnej<\/li>\n<li>przy ZSP w Kru\u017clowej Wy\u017cnej<\/li>\n<li>przy ZSP we Florynce<\/li>\n<li>przy ZSP Str\u00f3\u017ce<\/li>\n<\/ul>\n<p>Plac\u00f3wki podw\u00f3rkowe otwarte b\u0119d\u0105 2\/3 godziny dziennie.<\/p>\n<p><strong>Dokumenty rekrutacyjne dost\u0119pne s\u0105:<\/strong><\/p>\n<ul>\n<li>w siedzibie\u00a0<strong>Biura projektu w<\/strong>\u00a0<strong>Gminnym Centrum Us\u0142ug Spo\u0142ecznych w Grybowie, ul. Jakubowskiego 33, 33-330 Gryb\u00f3w, pok\u00f3j nr 3,<\/strong><\/li>\n<li>na stronie internetowej\u00a0<strong>Gminnego Centrum Us\u0142ug Spo\u0142ecznych w Grybowie,<\/strong>\u00a0<a href=\"http:\/\/www.gcus.gminagrybow.pl\/\">www.gops.gminagrybow.pl<\/a><\/li>\n<\/ul>\n<p><strong>Informacje szczeg\u00f3\u0142owe i pomoc w uzupe\u0142nieniu formularz<\/strong>y mo\u017cna uzyska\u0107 w\u00a0Gminnym Centrum Us\u0142ug Spo\u0142ecznych w Grybowie, ul. Jakubowskiego 33, 33-330 Gryb\u00f3w, pok\u00f3j nr 3, pod nr tel. 18\u00a0448-42-19<\/p>\n<p><strong>Dokumenty rekrutacyjne mo\u017cna<\/strong>\u00a0<strong>z\u0142o\u017cy\u0107<\/strong>\u00a0osobi\u015bcie, elektronicznie, korespondencyjnie (liczy si\u0119 data wp\u0142ywu do Biura projektu), poprzez e-dor\u0119czenia lub przez osob\u0119 upowa\u017cnion\u0105:<\/p>\n<ul>\n<li>w siedzibie Biura projektu: w\u00a0<strong>Gminnym Centrum Us\u0142ug Spo\u0142ecznych w Grybowie, ul. Jakubowskiego 33, 33-330 Gryb\u00f3w<\/strong><\/li>\n<li>elektronicznie (zeskanowane dokumenty nale\u017cy przesy\u0142a\u0107 na adres e-mail\u00a0<a href=\"mailto:gcus@gminagrybow.pl\">gcus@gminagrybow.pl<\/a>)<\/li>\n<li>e-dor\u0119czenia (zeskanowane dokumenty nale\u017cy przesy\u0142a\u0107 na adres:<br \/>\n<strong>AE:PL-88120-50177-DWIEV-25<\/strong><\/li>\n<li>poczt\u0105 tradycyjn\u0105\/kurier na adres:\u00a0<strong>Gminne Centrum Us\u0142ug Spo\u0142ecznych w Grybowie, ul. Jakubowskiego 33, 33-330 Gryb\u00f3w<\/strong><\/li>\n<\/ul>\n<p>Rekrutacja b\u0119dzie prowadzona w oparciu o Regulamin rekrutacji i uczestnictwa w projekcie pn. \u201eKompleksowe wsparcie us\u0142ug spo\u0142ecznych w Gminie Gryb\u00f3w\u201d.<\/p>\n<p><strong>SZCZEG\u00d3\u0141OWE INFORMACJE:<\/strong><\/p>\n<ul>\n<li>Telefon: +48\u00a018\u00a0448 42 19<\/li>\n<li>Biuro projektu: Gminne Centrum Us\u0142ug Spo\u0142ecznych w Grybowie, ul. Jakubowskiego 33, 33-330 Gryb\u00f3w, parter, pok\u00f3j nr 3.<\/li>\n<li>E-mail:\u00a0<a href=\"mailto:gcus@gminagrybow.pl\">gcus@gminagrybow.pl<\/a><\/li>\n<li>Strona internetowa:\u00a0<a href=\"http:\/\/www.gcus.gminagrybow.pl\/\">www.gops.gminagrybow.pl<\/a><\/li>\n<\/ul>\n<p><strong>Zapraszamy do udzia\u0142u!<\/strong><\/p>\n<p><strong>Dokumenty rekrutacyjne (wersja w kolorze)<\/strong>:<\/p>\n<p><a href=\"https:\/\/cms18.vps52.iat.pl\/files\/files\/Regulamin%20rekrutacji%20i%20uczestnictwa%20w%20projekcie.PWD.2026.zarzadzenie.pdf\">Regulamin rekrutacji i uczestnictwa w projekcie\u00a0pn. \u201eKompleksowe wsparcie us\u0142ug spo\u0142ecznych w Gminie Gryb\u00f3w\u201d<\/a><\/p>\n<p><a href=\"https:\/\/www.gops.gminagrybow.pl\/files\/PWD-2026\/Za%C5%82.%20nr%201%20Formularz%20zg%C5%82oszeniowy.PWD.pdf\">Za\u0142\u0105cznik nr 1 &#8211; Formularz zg\u0142oszeniowy dziecka<\/a>\u00a0&#8211; format .pdf<\/p>\n<p><a href=\"https:\/\/cms18.vps52.iat.pl\/files\/files\/Za%C5%82.%20nr%201%20Formularz%20zg%C5%82oszeniowy.PWD_kolor.docx\">Za\u0142\u0105cznik nr 1 &#8211; Formularz zg\u0142oszeniowy dziecka<\/a>\u00a0&#8211; format .docx<\/p>\n<p><a href=\"https:\/\/www.gops.gminagrybow.pl\/files\/PWD-2026\/Za%C5%82.%20nr%202%20Zasady%20przetwarzania%20danych.pdf\">Za\u0142\u0105cznik nr 2 &#8211; O\u015bwiadczenie o wyra\u017ceniu zgody na przetwarzanie danych osobowych.<\/a><\/p>\n<p><a href=\"https:\/\/www.gops.gminagrybow.pl\/files\/PWD-2026\/Za%C5%82.%20nr%203%20Umowa%20uczestnictwa.PWD.pdf\">Za\u0142\u0105cznik nr 3 \u2013 Umowa uczestnictwa w projekcie wraz z za\u0142\u0105cznikami.<\/a><\/p>\n<p><a href=\"https:\/\/www.gops.gminagrybow.pl\/files\/PWD-2026\/Za%C5%82.%20nr%204%20O%C5%9Bwiadczenie%20o%20rezygnacji.PWD.pdf\">Za\u0142\u0105cznik nr 4 &#8211; O\u015bwiadczenie o rezygnacji.<\/a><\/p>\n<p><strong>Dokumenty rekrutacyjne (wersja monochromatyczna &#8211; bia\u0142o-czarna)<\/strong><\/p>\n<p><a href=\"https:\/\/cms18.vps52.iat.pl\/files\/files\/Regulamin%20rekrutacji%20i%20uczestnictwa%20w%20projekcie.PWD.2026.bw.zarzadzenie.pdf\">Regulamin rekrutacji i uczestnictwa w projekcie\u00a0pn. \u201eKompleksowe wsparcie us\u0142ug spo\u0142ecznych w Gminie Gryb\u00f3w\u201d<\/a><\/p>\n<p><a href=\"https:\/\/www.gops.gminagrybow.pl\/files\/PWD-2026\/mono\/Za%C5%82.%20nr%201%20Formularz%20zg%C5%82oszeniowy.PWD.pdf\">Za\u0142\u0105cznik nr 1 &#8211; Formularz zg\u0142oszeniowy dziecka.<\/a>\u00a0&#8211; format .pdf<\/p>\n<p><a href=\"https:\/\/cms18.vps52.iat.pl\/files\/files\/Za%C5%82.%20nr%201%20Formularz%20zg%C5%82oszeniowy.PWD.docx\">Za\u0142\u0105cznik nr 1 &#8211; Formularz zg\u0142oszeniowy dziecka<\/a>\u00a0&#8211; format .docx<\/p>\n<p><a href=\"https:\/\/www.gops.gminagrybow.pl\/files\/PWD-2026\/mono\/Za%C5%82.%20nr%202%20Zasady%20przetwarzania%20danych.bw.pdf\">Za\u0142\u0105cznik nr 2 &#8211; O\u015bwiadczenie o wyra\u017ceniu zgody na przetwarzanie danych osobowych.<\/a><\/p>\n<p><a href=\"https:\/\/www.gops.gminagrybow.pl\/files\/PWD-2026\/mono\/Za%C5%82.%20nr%203%20Umowa%20uczestnictwa.PWD.bw.pdf\">Za\u0142\u0105cznik nr 3 \u2013 Umowa uczestnictwa w projekcie wraz z za\u0142\u0105cznikami.<\/a><\/p>\n<p><a href=\"https:\/\/www.gops.gminagrybow.pl\/files\/PWD-2026\/mono\/Za%C5%82.%20nr%204%20O%C5%9Bwiadczenie%20o%20rezygnacji.PWD.bw.pdf\">Za\u0142\u0105cznik nr 4 &#8211; O\u015bwiadczenie o rezygnacji.<\/a><\/p>\n<p>#FunduszeUE\u00a0\u00a0\u00a0 #FunduszeEuropejskie<\/p>\n<p>Projekt realizowany w\u00a0ramach programu \u201eFundusze Europejskie dla Ma\u0142opolski 2021-2027\u201d (FEM), Priorytet 6. Fundusze europejskie dla rynku pracy, edukacji i w\u0142\u0105czenia spo\u0142ecznego Dzia\u0142anie 6.33 Wsparcie us\u0142ug spo\u0142ecznych w regionie &#8211; ZIT, Typ projektu B. Tworzenie nowych oraz rozw\u00f3j ju\u017c istniej\u0105cych plac\u00f3wek wsparcia dziennego dla dzieci i m\u0142odzie\u017cy wsp\u00f3\u0142finansowanego ze \u015brodk\u00f3w Unii Europejskiej w ramach Europejskiego Funduszu Spo\u0142ecznego Plus.<\/p>\n<p><img loading=\"lazy\" decoding=\"async\" src=\"https:\/\/gminagrybow.pl\/edc_media\/Manager\/Aktualnosci\/Rekrutacja-do-plac-wek-wsparcia-dziennego.png\" alt=\"\" width=\"1024\" height=\"1444\" \/><\/p>\n<\/div>\n","protected":false},"excerpt":{"rendered":"<p>Rekrutacja dzieci i m\u0142odzie\u017cy do Plac\u00f3wki Wsparcia Dziennego w ramach projektu pn. \u201eKompleksowe wsparcie us\u0142ug spo\u0142ecznych w Gminie Gryb\u00f3w\u201d \u2013<\/p>\n","protected":false},"author":1,"featured_media":8960,"comment_status":"closed","ping_status":"closed","sticky":false,"template":"","format":"standard","meta":{"footnotes":""},"categories":[7],"tags":[],"_links":{"self":[{"href":"https:\/\/sppolna.gminagrybow.pl\/index.php?rest_route=\/wp\/v2\/posts\/8947"}],"collection":[{"href":"https:\/\/sppolna.gminagrybow.pl\/index.php?rest_route=\/wp\/v2\/posts"}],"about":[{"href":"https:\/\/sppolna.gminagrybow.pl\/index.php?rest_route=\/wp\/v2\/types\/post"}],"author":[{"embeddable":true,"href":"https:\/\/sppolna.gminagrybow.pl\/index.php?rest_route=\/wp\/v2\/users\/1"}],"replies":[{"embeddable":true,"href":"https:\/\/sppolna.gminagrybow.pl\/index.php?rest_route=%2Fwp%2Fv2%2Fcomments&post=8947"}],"version-history":[{"count":3,"href":"https:\/\/sppolna.gminagrybow.pl\/index.php?rest_route=\/wp\/v2\/posts\/8947\/revisions"}],"predecessor-version":[{"id":8959,"href":"https:\/\/sppolna.gminagrybow.pl\/index.php?rest_route=\/wp\/v2\/posts\/8947\/revisions\/8959"}],"wp:featuredmedia":[{"embeddable":true,"href":"https:\/\/sppolna.gminagrybow.pl\/index.php?rest_route=\/wp\/v2\/media\/8960"}],"wp:attachment":[{"href":"https:\/\/sppolna.gminagrybow.pl\/index.php?rest_route=%2Fwp%2Fv2%2Fmedia&parent=8947"}],"wp:term":[{"taxonomy":"category","embeddable":true,"href":"https:\/\/sppolna.gminagrybow.pl\/index.php?rest_route=%2Fwp%2Fv2%2Fcategories&post=8947"},{"taxonomy":"post_tag","embeddable":true,"href":"https:\/\/sppolna.gminagrybow.pl\/index.php?rest_route=%2Fwp%2Fv2%2Ftags&post=8947"}],"curies":[{"name":"wp","href":"https:\/\/api.w.org\/{rel}","templated":true}]}}