{"id":9221,"date":"2026-09-01T20:11:05","date_gmt":"2026-09-01T18:11:05","guid":{"rendered":"https:\/\/sppolna.gminagrybow.pl\/?p=9221"},"modified":"2026-09-01T20:11:05","modified_gmt":"2026-09-01T18:11:05","slug":"rozpoczecie-roku-szkolnego","status":"publish","type":"post","link":"https:\/\/sppolna.gminagrybow.pl\/?p=9221","title":{"rendered":"Rozpocz\u0119cie roku szkolnego"},"content":{"rendered":"<p><img loading=\"lazy\" decoding=\"async\" class=\"alignleft  wp-image-9222\" src=\"https:\/\/sppolna.gminagrybow.pl\/wp-content\/uploads\/2026\/09\/83f3c652-cb34-46e2-a4ff-7a1b1d9bd0b7.jpg\" alt=\"\" width=\"343\" height=\"160\" srcset=\"https:\/\/sppolna.gminagrybow.pl\/wp-content\/uploads\/2026\/09\/83f3c652-cb34-46e2-a4ff-7a1b1d9bd0b7.jpg 2048w, https:\/\/sppolna.gminagrybow.pl\/wp-content\/uploads\/2026\/09\/83f3c652-cb34-46e2-a4ff-7a1b1d9bd0b7-300x140.jpg 300w, https:\/\/sppolna.gminagrybow.pl\/wp-content\/uploads\/2026\/09\/83f3c652-cb34-46e2-a4ff-7a1b1d9bd0b7-1980x924.jpg 1980w, https:\/\/sppolna.gminagrybow.pl\/wp-content\/uploads\/2026\/09\/83f3c652-cb34-46e2-a4ff-7a1b1d9bd0b7-768x359.jpg 768w, https:\/\/sppolna.gminagrybow.pl\/wp-content\/uploads\/2026\/09\/83f3c652-cb34-46e2-a4ff-7a1b1d9bd0b7-1536x717.jpg 1536w\" sizes=\"(max-width: 343px) 100vw, 343px\" \/>Rozpocz\u0119cie roku szkolnego i katechetycznego 2026\/2027 mia\u0142o sw\u00f3j pocz\u0105tek ju\u017c 31 sierpnia 2026 roku podczas wieczornej Mszy \u015awi\u0119tej, sprawowanej w intencji ca\u0142ej spo\u0142eczno\u015bci szkolnej. Eucharystii przewodniczy\u0142 Ksi\u0105dz Proboszcz Piotr Abram, a wraz z nim koncelebrowali: Ksi\u0105dz Pra\u0142at W\u0142adys\u0142aw Szczerba, Ksi\u0105dz Misjonarz Mateusz Dziedzic oraz Ksi\u0105dz Zakonnik \u0141ukasz Gryz\u0142o. W uroczystej Mszy \u015awi\u0119tej uczestniczyli uczniowie, nauczyciele, pracownicy szko\u0142y oraz rodzice. Podczas Eucharystii obecny by\u0142 r\u00f3wnie\u017c sztandar Szko\u0142y Podstawowej im. B\u0142. Ks. Jana Balickiego w Polnej, kt\u00f3ry podkre\u015bla\u0142 uroczysty charakter wydarzenia. W czasie Mszy \u015awi\u0119tej odby\u0142o si\u0119 r\u00f3wnie\u017c po\u015bwi\u0119cenie plecak\u00f3w i przybor\u00f3w szkolnych, szczeg\u00f3lnie dla uczni\u00f3w rozpoczynaj\u0105cych kolejny etap edukacji. Wsp\u00f3lna modlitwa by\u0142a okazj\u0105 do powierzenia Bogu nowego roku szkolnego i katechetycznego oraz pro\u015bby o pomy\u015blno\u015b\u0107, m\u0105dro\u015b\u0107 i potrzebne \u0142aski dla uczni\u00f3w, nauczycieli i ca\u0142ej spo\u0142eczno\u015bci szkolnej.<\/p>\n<p><img loading=\"lazy\" decoding=\"async\" class=\"wp-image-9223 alignright\" src=\"https:\/\/sppolna.gminagrybow.pl\/wp-content\/uploads\/2026\/09\/19059fcc-e9dd-4ec8-833f-21c23394c3b0.jpg\" alt=\"\" width=\"341\" height=\"159\" srcset=\"https:\/\/sppolna.gminagrybow.pl\/wp-content\/uploads\/2026\/09\/19059fcc-e9dd-4ec8-833f-21c23394c3b0.jpg 2048w, https:\/\/sppolna.gminagrybow.pl\/wp-content\/uploads\/2026\/09\/19059fcc-e9dd-4ec8-833f-21c23394c3b0-300x140.jpg 300w, https:\/\/sppolna.gminagrybow.pl\/wp-content\/uploads\/2026\/09\/19059fcc-e9dd-4ec8-833f-21c23394c3b0-1980x924.jpg 1980w, https:\/\/sppolna.gminagrybow.pl\/wp-content\/uploads\/2026\/09\/19059fcc-e9dd-4ec8-833f-21c23394c3b0-768x359.jpg 768w, https:\/\/sppolna.gminagrybow.pl\/wp-content\/uploads\/2026\/09\/19059fcc-e9dd-4ec8-833f-21c23394c3b0-1536x717.jpg 1536w\" sizes=\"(max-width: 341px) 100vw, 341px\" \/>1 wrze\u015bnia 2026 roku w Szkole Podstawowej im. B\u0142. Ks. Jana Balickiego w Polnej odby\u0142a si\u0119 uroczysto\u015b\u0107 inauguruj\u0105ca rok szkolny 2026\/2027. Uroczysto\u015b\u0107 poprowadzi\u0142a uczennica klasy \u00f3smej, kt\u00f3ra w imieniu spo\u0142eczno\u015bci szkolnej powita\u0142a Dyrekcj\u0119 Szko\u0142y, Grono Pedagogiczne, Ksi\u0119dza Proboszcza, pracownik\u00f3w szko\u0142y oraz wszystkich uczni\u00f3w. Nast\u0119pnie, zgodnie z ceremonia\u0142em szkolnym, wprowadzono sztandar szko\u0142y i od\u015bpiewano hymn pa\u0144stwowy \u201eMazurek D\u0105browskiego\u201d. Po zako\u0144czeniu hymnu sztandar zosta\u0142 wyprowadzony.<\/p>\n<p>W dalszej cz\u0119\u015bci uczniowie klasy III, kt\u00f3rzy przygotowali program artystyczny, zaprezentowali przedstawienie s\u0142owno-muzyczne nawi\u0105zuj\u0105ce do powrotu do szko\u0142y po wakacyjnej przerwie. W pierwszej cz\u0119\u015bci wyst\u0119pu, w humorystyczny spos\u00f3b, przedstawili swoje wakacyjne wspomnienia oraz emocje zwi\u0105zane z powrotem do szkolnej rzeczywisto\u015bci. Program zosta\u0142 wzbogacony o opraw\u0119 muzyczn\u0105 i odpowiednio dobrane rekwizyty.<\/p>\n<p><img loading=\"lazy\" decoding=\"async\" class=\"alignleft  wp-image-9224\" src=\"https:\/\/sppolna.gminagrybow.pl\/wp-content\/uploads\/2026\/09\/9ca63534-919d-4683-bcc9-36656e6f1758.jpg\" alt=\"\" width=\"341\" height=\"159\" srcset=\"https:\/\/sppolna.gminagrybow.pl\/wp-content\/uploads\/2026\/09\/9ca63534-919d-4683-bcc9-36656e6f1758.jpg 2048w, https:\/\/sppolna.gminagrybow.pl\/wp-content\/uploads\/2026\/09\/9ca63534-919d-4683-bcc9-36656e6f1758-300x140.jpg 300w, https:\/\/sppolna.gminagrybow.pl\/wp-content\/uploads\/2026\/09\/9ca63534-919d-4683-bcc9-36656e6f1758-1980x924.jpg 1980w, https:\/\/sppolna.gminagrybow.pl\/wp-content\/uploads\/2026\/09\/9ca63534-919d-4683-bcc9-36656e6f1758-768x359.jpg 768w, https:\/\/sppolna.gminagrybow.pl\/wp-content\/uploads\/2026\/09\/9ca63534-919d-4683-bcc9-36656e6f1758-1536x717.jpg 1536w\" sizes=\"(max-width: 341px) 100vw, 341px\" \/>Wa\u017cnym elementem przedstawienia by\u0142o nawi\u0105zanie do 1 wrze\u015bnia 1939 roku. Uczniowie przypomnieli, \u017ce data rozpocz\u0119cia roku szkolnego ma r\u00f3wnie\u017c wymiar historyczny i jest okazj\u0105 do refleksji nad wydarzeniami II wojny \u015bwiatowej. W scenie po\u015bwi\u0119conej historii podkre\u015blono kontrast pomi\u0119dzy spokojnym rozpocz\u0119ciem roku szkolnego w 2026 roku a tragicznym wrze\u015bniem 1939 roku. Zwr\u00f3cono uwag\u0119 na znaczenie pokoju oraz mo\u017cliwo\u015bci bezpiecznej nauki. Przes\u0142anie historycznej cz\u0119\u015bci przedstawienia podkre\u015bla\u0142o znaczenie pami\u0119ci o przesz\u0142o\u015bci i odpowiedzialno\u015bci za przysz\u0142o\u015b\u0107. Uczniowie zaakcentowali, \u017ce pok\u00f3j i mo\u017cliwo\u015b\u0107 nauki s\u0105 warto\u015bciami, kt\u00f3re nale\u017cy docenia\u0107 i szanowa\u0107. W tej cz\u0119\u015bci zaprezentowano r\u00f3wnie\u017c taniec patriotyczny z wykorzystaniem bia\u0142o-czerwonych flag.<\/p>\n<p><img loading=\"lazy\" decoding=\"async\" class=\"wp-image-9226 alignright\" src=\"https:\/\/sppolna.gminagrybow.pl\/wp-content\/uploads\/2026\/09\/7d7e2830-410f-4871-8bd5-8d7be104bf31-2.jpg\" alt=\"\" width=\"345\" height=\"161\" srcset=\"https:\/\/sppolna.gminagrybow.pl\/wp-content\/uploads\/2026\/09\/7d7e2830-410f-4871-8bd5-8d7be104bf31-2.jpg 2048w, https:\/\/sppolna.gminagrybow.pl\/wp-content\/uploads\/2026\/09\/7d7e2830-410f-4871-8bd5-8d7be104bf31-2-300x140.jpg 300w, https:\/\/sppolna.gminagrybow.pl\/wp-content\/uploads\/2026\/09\/7d7e2830-410f-4871-8bd5-8d7be104bf31-2-1980x924.jpg 1980w, https:\/\/sppolna.gminagrybow.pl\/wp-content\/uploads\/2026\/09\/7d7e2830-410f-4871-8bd5-8d7be104bf31-2-768x359.jpg 768w, https:\/\/sppolna.gminagrybow.pl\/wp-content\/uploads\/2026\/09\/7d7e2830-410f-4871-8bd5-8d7be104bf31-2-1536x717.jpg 1536w\" sizes=\"(max-width: 345px) 100vw, 345px\" \/>Kolejna cz\u0119\u015b\u0107 wyst\u0119pu mia\u0142a charakter bardziej radosny i nawi\u0105zywa\u0142a bezpo\u015brednio do nowego roku szkolnego. Uczniowie przedstawili wyzwania, jakie czekaj\u0105 ich w kolejnym roku nauki, jednocze\u015bnie podkre\u015blaj\u0105c, \u017ce szko\u0142a jest nie tylko miejscem zdobywania wiedzy, ale r\u00f3wnie\u017c rozwijania zainteresowa\u0144, odkrywania talent\u00f3w, budowania przyja\u017ani i realizowania marze\u0144. W cz\u0119\u015bci fina\u0142owej uczniowie klasy III z\u0142o\u017cyli wszystkim uczniom \u017cyczenia sukces\u00f3w w nauce, rozwijania pasji i talent\u00f3w, odwagi w realizowaniu marze\u0144 oraz nawi\u0105zywania warto\u015bciowych przyja\u017ani. Zwr\u00f3cili r\u00f3wnie\u017c uwag\u0119 na znaczenie wzajemnej \u017cyczliwo\u015bci, pomocy i szacunku. Szczeg\u00f3lne \u017cyczenia skierowali do nauczycieli, \u017cycz\u0105c im cierpliwo\u015bci, satysfakcji z pracy oraz powodzenia w podejmowanych wyzwaniach.<\/p>\n<p><img loading=\"lazy\" decoding=\"async\" class=\"wp-image-9225 alignleft\" src=\"https:\/\/sppolna.gminagrybow.pl\/wp-content\/uploads\/2026\/09\/ed664e3c-b467-4386-9e43-867290b171a3.jpg\" alt=\"\" width=\"352\" height=\"164\" srcset=\"https:\/\/sppolna.gminagrybow.pl\/wp-content\/uploads\/2026\/09\/ed664e3c-b467-4386-9e43-867290b171a3.jpg 2048w, https:\/\/sppolna.gminagrybow.pl\/wp-content\/uploads\/2026\/09\/ed664e3c-b467-4386-9e43-867290b171a3-300x140.jpg 300w, https:\/\/sppolna.gminagrybow.pl\/wp-content\/uploads\/2026\/09\/ed664e3c-b467-4386-9e43-867290b171a3-1980x924.jpg 1980w, https:\/\/sppolna.gminagrybow.pl\/wp-content\/uploads\/2026\/09\/ed664e3c-b467-4386-9e43-867290b171a3-768x359.jpg 768w, https:\/\/sppolna.gminagrybow.pl\/wp-content\/uploads\/2026\/09\/ed664e3c-b467-4386-9e43-867290b171a3-1536x717.jpg 1536w\" sizes=\"(max-width: 352px) 100vw, 352px\" \/>Wa\u017cnym elementem programu by\u0142o r\u00f3wnie\u017c przypomnienie postaci patrona szko\u0142y \u2013 B\u0142ogos\u0142awionego Ksi\u0119dza Jana Balickiego. Uczniowie podkre\u015blili warto\u015bci, kt\u00f3re swoim \u017cyciem reprezentowa\u0142 patron: dobro\u0107, skromno\u015b\u0107, trosk\u0119 o drugiego cz\u0142owieka oraz gotowo\u015b\u0107 niesienia pomocy. Zach\u0119cili ca\u0142\u0105 spo\u0142eczno\u015b\u0107 szkoln\u0105 do kierowania si\u0119 tymi warto\u015bciami w codziennym \u017cyciu. Artystyczn\u0105 cz\u0119\u015b\u0107 uroczysto\u015bci u\u015bwietni\u0142 r\u00f3wnie\u017c taniec z kolorowymi chustkami. Na zako\u0144czenie uczniowie symbolicznie po\u017cegnali wakacje i wyrazili gotowo\u015b\u0107 do podj\u0119cia nowych szkolnych wyzwa\u0144. <span style=\"font-size: 1.0625rem;\">Uroczysto\u015b\u0107 zako\u0144czy\u0142o wsp\u00f3lne og\u0142oszenie rozpocz\u0119cia roku szkolnego 2026\/2027 w Szkole Podstawowej w Polnej oraz zaproszenie Pani Dyrektor do zabrania g\u0142osu. <\/span><\/p>\n<p><span style=\"font-size: 1.0625rem;\">Ca\u0142o\u015b\u0107 przebieg\u0142a w podnios\u0142ej, a jednocze\u015bnie radosnej atmosferze. By\u0142a okazj\u0105 do wsp\u00f3lnego powitania nowego roku szkolnego, przypomnienia wa\u017cnych wydarze\u0144 z historii Polski, refleksji nad warto\u015bci\u0105 pokoju, a tak\u017ce integracji ca\u0142ej spo\u0142eczno\u015bci szkolnej.<\/span><\/p>\n<div class=\"tx-youtube-outerwarp\" style=\"width: 600px\"><div class=\"tx-youtube-warp\" style=\"\"><iframe src=\"https:\/\/www.youtube.com\/embed\/Y-QGTDzTvOk?controls=1&amp;showinfo=0&amp;rel=0&amp;autoplay=0\" frameborder=\"0\" allow=\"autoplay\" allowfullscreen><\/iframe><\/div><\/div>\n","protected":false},"excerpt":{"rendered":"<p>Rozpocz\u0119cie roku szkolnego i katechetycznego 2026\/2027 mia\u0142o sw\u00f3j pocz\u0105tek ju\u017c 31 sierpnia 2026 roku podczas wieczornej Mszy \u015awi\u0119tej, sprawowanej w<\/p>\n","protected":false},"author":1,"featured_media":9227,"comment_status":"closed","ping_status":"closed","sticky":false,"template":"","format":"standard","meta":{"footnotes":""},"categories":[7],"tags":[],"_links":{"self":[{"href":"https:\/\/sppolna.gminagrybow.pl\/index.php?rest_route=\/wp\/v2\/posts\/9221"}],"collection":[{"href":"https:\/\/sppolna.gminagrybow.pl\/index.php?rest_route=\/wp\/v2\/posts"}],"about":[{"href":"https:\/\/sppolna.gminagrybow.pl\/index.php?rest_route=\/wp\/v2\/types\/post"}],"author":[{"embeddable":true,"href":"https:\/\/sppolna.gminagrybow.pl\/index.php?rest_route=\/wp\/v2\/users\/1"}],"replies":[{"embeddable":true,"href":"https:\/\/sppolna.gminagrybow.pl\/index.php?rest_route=%2Fwp%2Fv2%2Fcomments&post=9221"}],"version-history":[{"count":1,"href":"https:\/\/sppolna.gminagrybow.pl\/index.php?rest_route=\/wp\/v2\/posts\/9221\/revisions"}],"predecessor-version":[{"id":9228,"href":"https:\/\/sppolna.gminagrybow.pl\/index.php?rest_route=\/wp\/v2\/posts\/9221\/revisions\/9228"}],"wp:featuredmedia":[{"embeddable":true,"href":"https:\/\/sppolna.gminagrybow.pl\/index.php?rest_route=\/wp\/v2\/media\/9227"}],"wp:attachment":[{"href":"https:\/\/sppolna.gminagrybow.pl\/index.php?rest_route=%2Fwp%2Fv2%2Fmedia&parent=9221"}],"wp:term":[{"taxonomy":"category","embeddable":true,"href":"https:\/\/sppolna.gminagrybow.pl\/index.php?rest_route=%2Fwp%2Fv2%2Fcategories&post=9221"},{"taxonomy":"post_tag","embeddable":true,"href":"https:\/\/sppolna.gminagrybow.pl\/index.php?rest_route=%2Fwp%2Fv2%2Ftags&post=9221"}],"curies":[{"name":"wp","href":"https:\/\/api.w.org\/{rel}","templated":true}]}}